{"id":4629,"date":"2021-02-09T16:53:43","date_gmt":"2021-02-09T15:53:43","guid":{"rendered":"http:\/\/agora.xtec.cat\/escolamestralvilanova\/?p=4629"},"modified":"2021-02-09T16:54:09","modified_gmt":"2021-02-09T15:54:09","slug":"treballem-miro","status":"publish","type":"post","link":"https:\/\/agora.xtec.cat\/escolamestralvilanova\/infantil\/treballem-miro\/","title":{"rendered":"TREBALLEM MIR\u00d3"},"content":{"rendered":"<p style=\"text-align: justify;\">Aquest mat\u00ed els nens de l&#8217;escoleta hem conegut al pintor catal\u00e0: Joan Mir\u00f3!\u00a0<img decoding=\"async\" class=\"CToWUd\" src=\"https:\/\/mail.google.com\/mail\/e\/1f3a8\" alt=\"\ud83c\udfa8\" data-goomoji=\"1f3a8\" data-image-whitelisted=\"\" \/><br \/>\nHem manipulat diferents elements caracter\u00edstiques de les seves obres (ulls, rodones, llunes, estrelles&#8230;) i els hem enganxat a la paret tot creant la nostra pr\u00f2pia obra!<\/p>\n<p>Tamb\u00e9 hem experimentat amb ells a la taula de llum, tot relacionant-los amb l&#8217;obra que hi estava plasmada a sobre!<\/p>\n<p>Continuar\u00e0&#8230;\u00a0<img decoding=\"async\" class=\"CToWUd\" src=\"https:\/\/mail.google.com\/mail\/e\/1f469\" alt=\"\ud83d\udc69\" data-goomoji=\"1f469\" data-image-whitelisted=\"\" \/>\u200d<img decoding=\"async\" class=\"CToWUd\" src=\"https:\/\/mail.google.com\/mail\/e\/1f3a8\" alt=\"\ud83c\udfa8\" data-goomoji=\"1f3a8\" data-image-whitelisted=\"\" \/><\/p>\n<ul>\n<li style=\"text-align: justify;\"><a href=\"https:\/\/photos.app.goo.gl\/MxqxDBaZvubpkPvi6\">ENLLA\u00c7 A LES FOTOGRAFIES<\/a><\/li>\n<\/ul>\n<p><a href=\"https:\/\/photos.app.goo.gl\/MxqxDBaZvubpkPvi6\"><img loading=\"lazy\" decoding=\"async\" class=\"alignnone wp-image-4630 size-medium\" src=\"https:\/\/agora.xtec.cat\/escolamestralvilanova\/wp-content\/uploads\/usu729\/2021\/02\/IMG_20210209_101639-e1612886004922-300x300.jpg\" alt=\"\" width=\"300\" height=\"300\" srcset=\"https:\/\/agora.xtec.cat\/escolamestralvilanova\/wp-content\/uploads\/usu729\/2021\/02\/IMG_20210209_101639-e1612886004922-300x300.jpg 300w, https:\/\/agora.xtec.cat\/escolamestralvilanova\/wp-content\/uploads\/usu729\/2021\/02\/IMG_20210209_101639-e1612886004922-150x150.jpg 150w, https:\/\/agora.xtec.cat\/escolamestralvilanova\/wp-content\/uploads\/usu729\/2021\/02\/IMG_20210209_101639-e1612886004922-768x768.jpg 768w, https:\/\/agora.xtec.cat\/escolamestralvilanova\/wp-content\/uploads\/usu729\/2021\/02\/IMG_20210209_101639-e1612886004922-1024x1024.jpg 1024w\" sizes=\"auto, (max-width: 300px) 100vw, 300px\" \/><\/a><\/p>\n","protected":false},"excerpt":{"rendered":"<p>Aquest mat\u00ed els nens de l&#8217;escoleta hem conegut al pintor catal\u00e0: Joan Mir\u00f3!\u00a0<br \/>\nHem manipulat diferents elements caracter\u00edstiques de les seves obres (ulls, rodones, llunes, estrelles&#8230;) i els hem enganxat a la paret tot creant la nostra pr\u00f2pia obra!<br \/>\nTamb\u00e9 hem experimentat amb ells a la taula&hellip;  <a href=\"https:\/\/agora.xtec.cat\/escolamestralvilanova\/infantil\/treballem-miro\/\" title=\"Read TREBALLEM MIR\u00d3\">Llegeix m\u00e9s\u00bb<\/a><\/p>\n","protected":false},"author":1,"featured_media":0,"comment_status":"open","ping_status":"closed","sticky":false,"template":"","format":"standard","meta":{"_bbp_topic_count":0,"_bbp_reply_count":0,"_bbp_total_topic_count":0,"_bbp_total_reply_count":0,"_bbp_voice_count":0,"_bbp_anonymous_reply_count":0,"_bbp_topic_count_hidden":0,"_bbp_reply_count_hidden":0,"_bbp_forum_subforum_count":0,"footnotes":""},"categories":[14,59,2,4],"tags":[],"class_list":["post-4629","post","type-post","status-publish","format-standard","hentry","category-ei1-ei2","category-primer-cicle-ed-infantil","category-infantil","category-portada"],"post_mailing_queue_ids":[],"_links":{"self":[{"href":"https:\/\/agora.xtec.cat\/escolamestralvilanova\/wp-json\/wp\/v2\/posts\/4629","targetHints":{"allow":["GET"]}}],"collection":[{"href":"https:\/\/agora.xtec.cat\/escolamestralvilanova\/wp-json\/wp\/v2\/posts"}],"about":[{"href":"https:\/\/agora.xtec.cat\/escolamestralvilanova\/wp-json\/wp\/v2\/types\/post"}],"author":[{"embeddable":true,"href":"https:\/\/agora.xtec.cat\/escolamestralvilanova\/wp-json\/wp\/v2\/users\/1"}],"replies":[{"embeddable":true,"href":"https:\/\/agora.xtec.cat\/escolamestralvilanova\/wp-json\/wp\/v2\/comments?post=4629"}],"version-history":[{"count":2,"href":"https:\/\/agora.xtec.cat\/escolamestralvilanova\/wp-json\/wp\/v2\/posts\/4629\/revisions"}],"predecessor-version":[{"id":4632,"href":"https:\/\/agora.xtec.cat\/escolamestralvilanova\/wp-json\/wp\/v2\/posts\/4629\/revisions\/4632"}],"wp:attachment":[{"href":"https:\/\/agora.xtec.cat\/escolamestralvilanova\/wp-json\/wp\/v2\/media?parent=4629"}],"wp:term":[{"taxonomy":"category","embeddable":true,"href":"https:\/\/agora.xtec.cat\/escolamestralvilanova\/wp-json\/wp\/v2\/categories?post=4629"},{"taxonomy":"post_tag","embeddable":true,"href":"https:\/\/agora.xtec.cat\/escolamestralvilanova\/wp-json\/wp\/v2\/tags?post=4629"}],"curies":[{"name":"wp","href":"https:\/\/api.w.org\/{rel}","templated":true}]}}