{"id":4608,"date":"2021-02-08T17:07:09","date_gmt":"2021-02-08T16:07:09","guid":{"rendered":"http:\/\/agora.xtec.cat\/escolamestralvilanova\/?p=4608"},"modified":"2021-02-08T17:07:14","modified_gmt":"2021-02-08T16:07:14","slug":"cartells-iii-setmana-de-la-ciencia","status":"publish","type":"post","link":"https:\/\/agora.xtec.cat\/escolamestralvilanova\/portada\/cartells-iii-setmana-de-la-ciencia\/","title":{"rendered":"CARTELLS III SETMANA DE LA CI\u00c8NCIA"},"content":{"rendered":"<p>En motiu de la celebraci\u00f3 de la 3\u00aa edici\u00f3 de la Setmana de la Ci\u00e8ncia a l&#8217;Escola, els nens i nenes de sis\u00e8 hem elaborat uns cartells commemoratius.<\/p>\n<p>Esperem que us agradin!<\/p>\n<ul>\n<li><a href=\"https:\/\/photos.app.goo.gl\/i9ic26YJsGC7au3J7\">ENLLA\u00c7 ALS CARTELLS<\/a><\/li>\n<\/ul>\n<p><a href=\"https:\/\/photos.app.goo.gl\/i9ic26YJsGC7au3J7\"><img loading=\"lazy\" decoding=\"async\" class=\"alignnone wp-image-4609\" src=\"https:\/\/agora.xtec.cat\/escolamestralvilanova\/wp-content\/uploads\/usu729\/2021\/02\/CARTELLS-300x187.png\" alt=\"\" width=\"518\" height=\"323\" srcset=\"https:\/\/agora.xtec.cat\/escolamestralvilanova\/wp-content\/uploads\/usu729\/2021\/02\/CARTELLS-300x187.png 300w, https:\/\/agora.xtec.cat\/escolamestralvilanova\/wp-content\/uploads\/usu729\/2021\/02\/CARTELLS-768x478.png 768w, https:\/\/agora.xtec.cat\/escolamestralvilanova\/wp-content\/uploads\/usu729\/2021\/02\/CARTELLS-1024x637.png 1024w, https:\/\/agora.xtec.cat\/escolamestralvilanova\/wp-content\/uploads\/usu729\/2021\/02\/CARTELLS.png 1735w\" sizes=\"auto, (max-width: 518px) 100vw, 518px\" \/><\/a><\/p>\n","protected":false},"excerpt":{"rendered":"<p>En motiu de la celebraci\u00f3 de la 3\u00aa edici\u00f3 de la Setmana de la Ci\u00e8ncia a l&#8217;Escola, els nens i nenes de sis\u00e8 hem elaborat uns cartells commemoratius.<br \/>\nEsperem que us agradin!<\/p>\n<ul>\n<li><a href=\"https:\/\/photos.app.goo.gl\/i9ic26YJsGC7au3J7\">ENLLA\u00c7 ALS CARTELLS<\/a><\/li>\n<\/ul>\n<p><a href=\"https:\/\/photos.app.goo.gl\/i9ic26YJsGC7au3J7\"><\/a><\/p>\n","protected":false},"author":1,"featured_media":0,"comment_status":"open","ping_status":"closed","sticky":false,"template":"","format":"standard","meta":{"_bbp_topic_count":0,"_bbp_reply_count":0,"_bbp_total_topic_count":0,"_bbp_total_reply_count":0,"_bbp_voice_count":0,"_bbp_anonymous_reply_count":0,"_bbp_topic_count_hidden":0,"_bbp_reply_count_hidden":0,"_bbp_forum_subforum_count":0,"footnotes":""},"categories":[15,4,5],"tags":[],"class_list":["post-4608","post","type-post","status-publish","format-standard","hentry","category-cicle-superior","category-portada","category-primaria"],"post_mailing_queue_ids":[],"_links":{"self":[{"href":"https:\/\/agora.xtec.cat\/escolamestralvilanova\/wp-json\/wp\/v2\/posts\/4608","targetHints":{"allow":["GET"]}}],"collection":[{"href":"https:\/\/agora.xtec.cat\/escolamestralvilanova\/wp-json\/wp\/v2\/posts"}],"about":[{"href":"https:\/\/agora.xtec.cat\/escolamestralvilanova\/wp-json\/wp\/v2\/types\/post"}],"author":[{"embeddable":true,"href":"https:\/\/agora.xtec.cat\/escolamestralvilanova\/wp-json\/wp\/v2\/users\/1"}],"replies":[{"embeddable":true,"href":"https:\/\/agora.xtec.cat\/escolamestralvilanova\/wp-json\/wp\/v2\/comments?post=4608"}],"version-history":[{"count":1,"href":"https:\/\/agora.xtec.cat\/escolamestralvilanova\/wp-json\/wp\/v2\/posts\/4608\/revisions"}],"predecessor-version":[{"id":4610,"href":"https:\/\/agora.xtec.cat\/escolamestralvilanova\/wp-json\/wp\/v2\/posts\/4608\/revisions\/4610"}],"wp:attachment":[{"href":"https:\/\/agora.xtec.cat\/escolamestralvilanova\/wp-json\/wp\/v2\/media?parent=4608"}],"wp:term":[{"taxonomy":"category","embeddable":true,"href":"https:\/\/agora.xtec.cat\/escolamestralvilanova\/wp-json\/wp\/v2\/categories?post=4608"},{"taxonomy":"post_tag","embeddable":true,"href":"https:\/\/agora.xtec.cat\/escolamestralvilanova\/wp-json\/wp\/v2\/tags?post=4608"}],"curies":[{"name":"wp","href":"https:\/\/api.w.org\/{rel}","templated":true}]}}