{"id":4604,"date":"2021-02-08T16:59:36","date_gmt":"2021-02-08T15:59:36","guid":{"rendered":"http:\/\/agora.xtec.cat\/escolamestralvilanova\/?p=4604"},"modified":"2021-02-08T16:59:42","modified_gmt":"2021-02-08T15:59:42","slug":"mes-experiencies-amb-families-2","status":"publish","type":"post","link":"https:\/\/agora.xtec.cat\/escolamestralvilanova\/infantil\/mes-experiencies-amb-families-2\/","title":{"rendered":"M\u00c9S EXPERI\u00c8NCIES AMB FAM\u00cdLIES"},"content":{"rendered":"<p style=\"text-align: justify;\">Avui la Gala Arri\u00e0 ens ha explicat el seu cap de setmana! Primer va anar a cuidar les plantes de la padrina, despr\u00e9s va donar de menjar als \u00e0necs i per \u00faltim va veure les cabres del Manolo del poble i si va atansar per observar-les d&#8217;aprop! Que b\u00e9 s&#8217;ho va passar! \ud83e\udd86<img decoding=\"async\" class=\"CToWUd\" src=\"https:\/\/mail.google.com\/mail\/e\/1f410\" alt=\"\ud83d\udc10\" data-goomoji=\"1f410\" data-image-whitelisted=\"\" \/><\/p>\n<p style=\"text-align: justify;\">A m\u00e9s, ens ha portat llenties, cot\u00f3 fluix i uns yogurs buits per plantar-ho, i aix\u00ed ho hem fet! Ara a cuidar-les i esperar que creixin!\u00a0<img decoding=\"async\" class=\"CToWUd\" src=\"https:\/\/mail.google.com\/mail\/e\/1f331\" alt=\"\ud83c\udf31\" data-goomoji=\"1f331\" data-image-whitelisted=\"\" \/><\/p>\n<ul>\n<li><a href=\"https:\/\/photos.app.goo.gl\/3ukzUmo9D6vFz1EG9\">ENLLA\u00c7 A LES FOTOGRAFIES<\/a><\/li>\n<\/ul>\n<p><a href=\"https:\/\/photos.app.goo.gl\/3ukzUmo9D6vFz1EG9\"><img loading=\"lazy\" decoding=\"async\" class=\"alignnone size-medium wp-image-4605\" src=\"https:\/\/agora.xtec.cat\/escolamestralvilanova\/wp-content\/uploads\/usu729\/2021\/02\/IMG_20210208_093639-e1612799945402-300x300.jpg\" alt=\"\" width=\"300\" height=\"300\" srcset=\"https:\/\/agora.xtec.cat\/escolamestralvilanova\/wp-content\/uploads\/usu729\/2021\/02\/IMG_20210208_093639-e1612799945402-300x300.jpg 300w, https:\/\/agora.xtec.cat\/escolamestralvilanova\/wp-content\/uploads\/usu729\/2021\/02\/IMG_20210208_093639-e1612799945402-150x150.jpg 150w, https:\/\/agora.xtec.cat\/escolamestralvilanova\/wp-content\/uploads\/usu729\/2021\/02\/IMG_20210208_093639-e1612799945402-768x768.jpg 768w, https:\/\/agora.xtec.cat\/escolamestralvilanova\/wp-content\/uploads\/usu729\/2021\/02\/IMG_20210208_093639-e1612799945402-1024x1024.jpg 1024w\" sizes=\"auto, (max-width: 300px) 100vw, 300px\" \/><\/a><\/p>\n","protected":false},"excerpt":{"rendered":"<p>Avui la Gala Arri\u00e0 ens ha explicat el seu cap de setmana! Primer va anar a cuidar les plantes de la padrina, despr\u00e9s va donar de menjar als \u00e0necs i per \u00faltim va veure les cabres del Manolo del poble i si va atansar per&hellip;  <a href=\"https:\/\/agora.xtec.cat\/escolamestralvilanova\/infantil\/mes-experiencies-amb-families-2\/\" title=\"Read M\u00c9S EXPERI\u00c8NCIES AMB FAM\u00cdLIES\">Llegeix m\u00e9s\u00bb<\/a><\/p>\n","protected":false},"author":1,"featured_media":0,"comment_status":"open","ping_status":"closed","sticky":false,"template":"","format":"standard","meta":{"_bbp_topic_count":0,"_bbp_reply_count":0,"_bbp_total_topic_count":0,"_bbp_total_reply_count":0,"_bbp_voice_count":0,"_bbp_anonymous_reply_count":0,"_bbp_topic_count_hidden":0,"_bbp_reply_count_hidden":0,"_bbp_forum_subforum_count":0,"footnotes":""},"categories":[14,59,2,4],"tags":[],"class_list":["post-4604","post","type-post","status-publish","format-standard","hentry","category-ei1-ei2","category-primer-cicle-ed-infantil","category-infantil","category-portada"],"post_mailing_queue_ids":[],"_links":{"self":[{"href":"https:\/\/agora.xtec.cat\/escolamestralvilanova\/wp-json\/wp\/v2\/posts\/4604","targetHints":{"allow":["GET"]}}],"collection":[{"href":"https:\/\/agora.xtec.cat\/escolamestralvilanova\/wp-json\/wp\/v2\/posts"}],"about":[{"href":"https:\/\/agora.xtec.cat\/escolamestralvilanova\/wp-json\/wp\/v2\/types\/post"}],"author":[{"embeddable":true,"href":"https:\/\/agora.xtec.cat\/escolamestralvilanova\/wp-json\/wp\/v2\/users\/1"}],"replies":[{"embeddable":true,"href":"https:\/\/agora.xtec.cat\/escolamestralvilanova\/wp-json\/wp\/v2\/comments?post=4604"}],"version-history":[{"count":1,"href":"https:\/\/agora.xtec.cat\/escolamestralvilanova\/wp-json\/wp\/v2\/posts\/4604\/revisions"}],"predecessor-version":[{"id":4606,"href":"https:\/\/agora.xtec.cat\/escolamestralvilanova\/wp-json\/wp\/v2\/posts\/4604\/revisions\/4606"}],"wp:attachment":[{"href":"https:\/\/agora.xtec.cat\/escolamestralvilanova\/wp-json\/wp\/v2\/media?parent=4604"}],"wp:term":[{"taxonomy":"category","embeddable":true,"href":"https:\/\/agora.xtec.cat\/escolamestralvilanova\/wp-json\/wp\/v2\/categories?post=4604"},{"taxonomy":"post_tag","embeddable":true,"href":"https:\/\/agora.xtec.cat\/escolamestralvilanova\/wp-json\/wp\/v2\/tags?post=4604"}],"curies":[{"name":"wp","href":"https:\/\/api.w.org\/{rel}","templated":true}]}}