{"id":4601,"date":"2021-02-09T12:41:37","date_gmt":"2021-02-09T11:41:37","guid":{"rendered":"http:\/\/agora.xtec.cat\/escolamestralvilanova\/?p=4601"},"modified":"2021-02-11T08:54:22","modified_gmt":"2021-02-11T07:54:22","slug":"iii-setmana-de-la-ciencia","status":"publish","type":"post","link":"https:\/\/agora.xtec.cat\/escolamestralvilanova\/general\/iii-setmana-de-la-ciencia\/","title":{"rendered":"III SETMANA DE LA CI\u00c8NCIA"},"content":{"rendered":"<p class=\"gmail_default\" style=\"text-align: justify;\">Amb motiu del dia de la dona cient\u00edfica (dijous 11 de febrer), us comuniquem que durant aquesta <span class=\"gmail-il\">setmana<\/span>\u00a0durem a terme la\u00a0\u00a0<b>III <span class=\"gmail-il\">Setmana<\/span>\u00a0de la\u00a0<span class=\"gmail-il\">Ci\u00e8ncia<\/span>\u00a0<\/b>a l&#8217;escola.<\/p>\n<p class=\"gmail_default\" style=\"text-align: justify;\">L&#8217;objectiu principal d&#8217;aquesta iniciativa no \u00e9s altre que despertar i potenciar l\u2019inter\u00e8s i la curiositat dels alumnes vers la\u00a0<span class=\"gmail-il\">Ci\u00e8ncia<\/span>.<\/p>\n<p class=\"gmail_default\" style=\"text-align: justify;\">Els nens i les nenes de les diferents aules han investigat diferents invents catalans. Han buscat l&#8217;autor\/a i han gravat un v\u00eddeo per explicar-lo als seus companys\/es i a vosaltres, les fam\u00edlies.<\/p>\n<div style=\"text-align: justify;\"><\/div>\n<div style=\"text-align: justify;\">\n<table style=\"height: 240px; width: 263px;\" width=\"510\">\n<tbody>\n<tr>\n<td style=\"width: 93px;\"><strong>ED. INFANTIL<\/strong><\/td>\n<td style=\"width: 162px; text-align: justify;\"><em>El Chupa Chups<\/em><\/td>\n<\/tr>\n<tr>\n<td style=\"width: 93px;\"><strong>PRIMER<\/strong><\/td>\n<td style=\"width: 162px; text-align: justify;\"><em>El submar\u00ed<\/em><\/td>\n<\/tr>\n<tr>\n<td style=\"width: 93px;\"><strong>SEGON-TERCER<\/strong><\/td>\n<td style=\"width: 162px; text-align: justify;\"><em>La crema catalana<\/em><\/td>\n<\/tr>\n<tr>\n<td style=\"width: 93px;\"><strong>QUART<\/strong><\/td>\n<td style=\"width: 162px; text-align: justify;\"><em>Danone, els panellets, El cava, El cotxe tramuntana<\/em><\/td>\n<\/tr>\n<tr>\n<td style=\"width: 93px;\"><strong>CINQU\u00c8<\/strong><\/td>\n<td style=\"width: 162px; text-align: justify;\"><em>Juanola i Telescopi<\/em><\/td>\n<\/tr>\n<tr>\n<td style=\"width: 93px;\"><strong>SIS\u00c8<\/strong><\/td>\n<td style=\"width: 162px; text-align: justify;\"><em>Moto Montesa, Tel\u00e8graf el\u00e8ctric, pat\u00ed de vela, vacuna contra el c\u00f2lera, Cotxe Bonet<\/em><\/td>\n<\/tr>\n<\/tbody>\n<\/table>\n<\/div>\n<p class=\"gmail_default\" style=\"text-align: justify;\">Aix\u00ed, durant aquesta\u00a0<span class=\"gmail-il\">setmana<\/span> els alumnes de l&#8217;escola anirem mostrant els nostres v\u00eddeos on mostrem tot all\u00f2 que hem apr\u00e8s d&#8217;aquests invents i inventors\/es.<\/p>\n<p class=\"gmail_default\" style=\"text-align: justify;\">Tamb\u00e9, aprofitant que el proper dimarts dia 11 de febrer \u00e9s el\u00a0<i><b>Dia de la dona cient\u00edfica<\/b>,\u00a0<\/i>treballarem diferents dones cient\u00edfiques que han destacat en el camp de la\u00a0<span class=\"gmail-il\">ci\u00e8ncia<\/span>.<\/p>\n<p class=\"gmail_default\" style=\"text-align: justify;\">Per tal de compartir les viv\u00e8ncies viscudes, al llarg de la\u00a0<span class=\"gmail-il\">setmana<\/span>\u00a0farem diferents publicacions a la\u00a0<a href=\"https:\/\/agora.xtec.cat\/escolamestralvilanova\/\" target=\"_blank\" rel=\"noopener noreferrer\">p\u00e0gina web de l&#8217;escola\u00a0<\/a>amb les fotografies de les diferents activitats realitzades.<\/p>\n<p class=\"gmail_default\" style=\"text-align: justify;\">Finalment us adjuntem el cartell que han fet els alumnes de sis\u00e8.<\/p>\n<div><\/div>\n<div><a href=\"https:\/\/agora.xtec.cat\/escolamestralvilanova\/wp-content\/uploads\/usu729\/2021\/02\/Diapositiva1.jpg\"><img loading=\"lazy\" decoding=\"async\" class=\"alignnone wp-image-4616 size-medium\" src=\"https:\/\/agora.xtec.cat\/escolamestralvilanova\/wp-content\/uploads\/usu729\/2021\/02\/Diapositiva1-225x300.jpg\" alt=\"\" width=\"225\" height=\"300\" srcset=\"https:\/\/agora.xtec.cat\/escolamestralvilanova\/wp-content\/uploads\/usu729\/2021\/02\/Diapositiva1-225x300.jpg 225w, https:\/\/agora.xtec.cat\/escolamestralvilanova\/wp-content\/uploads\/usu729\/2021\/02\/Diapositiva1.jpg 720w\" sizes=\"auto, (max-width: 225px) 100vw, 225px\" \/><\/a><\/div>\n<div><\/div>\n","protected":false},"excerpt":{"rendered":"<p>Amb motiu del dia de la dona cient\u00edfica (dijous 11 de febrer), us comuniquem que durant aquesta setmana\u00a0durem a terme la\u00a0\u00a0III Setmana\u00a0de la\u00a0Ci\u00e8ncia\u00a0a l&#8217;escola.<br \/>\nL&#8217;objectiu principal d&#8217;aquesta iniciativa no \u00e9s altre que despertar i potenciar l\u2019inter\u00e8s i la curiositat dels alumnes vers la\u00a0Ci\u00e8ncia.<br \/>\nEls nens i les&hellip;  <a href=\"https:\/\/agora.xtec.cat\/escolamestralvilanova\/general\/iii-setmana-de-la-ciencia\/\" title=\"Read III SETMANA DE LA CI\u00c8NCIA\">Llegeix m\u00e9s\u00bb<\/a><\/p>\n","protected":false},"author":6,"featured_media":0,"comment_status":"open","ping_status":"closed","sticky":false,"template":"","format":"standard","meta":{"_bbp_topic_count":0,"_bbp_reply_count":0,"_bbp_total_topic_count":0,"_bbp_total_reply_count":0,"_bbp_voice_count":0,"_bbp_anonymous_reply_count":0,"_bbp_topic_count_hidden":0,"_bbp_reply_count_hidden":0,"_bbp_forum_subforum_count":0,"footnotes":""},"categories":[13,11,12,15,3,14,8,9,10,1,2,4,5],"tags":[],"class_list":["post-4601","post","type-post","status-publish","format-standard","hentry","category-cinque","category-cicle-inicial","category-tercer-quart","category-cicle-superior","category-ei3-ei4-ei5","category-ei1-ei2","category-ei4","category-ei5","category-ei5-primer","category-general","category-infantil","category-portada","category-primaria"],"post_mailing_queue_ids":[],"_links":{"self":[{"href":"https:\/\/agora.xtec.cat\/escolamestralvilanova\/wp-json\/wp\/v2\/posts\/4601","targetHints":{"allow":["GET"]}}],"collection":[{"href":"https:\/\/agora.xtec.cat\/escolamestralvilanova\/wp-json\/wp\/v2\/posts"}],"about":[{"href":"https:\/\/agora.xtec.cat\/escolamestralvilanova\/wp-json\/wp\/v2\/types\/post"}],"author":[{"embeddable":true,"href":"https:\/\/agora.xtec.cat\/escolamestralvilanova\/wp-json\/wp\/v2\/users\/6"}],"replies":[{"embeddable":true,"href":"https:\/\/agora.xtec.cat\/escolamestralvilanova\/wp-json\/wp\/v2\/comments?post=4601"}],"version-history":[{"count":3,"href":"https:\/\/agora.xtec.cat\/escolamestralvilanova\/wp-json\/wp\/v2\/posts\/4601\/revisions"}],"predecessor-version":[{"id":4674,"href":"https:\/\/agora.xtec.cat\/escolamestralvilanova\/wp-json\/wp\/v2\/posts\/4601\/revisions\/4674"}],"wp:attachment":[{"href":"https:\/\/agora.xtec.cat\/escolamestralvilanova\/wp-json\/wp\/v2\/media?parent=4601"}],"wp:term":[{"taxonomy":"category","embeddable":true,"href":"https:\/\/agora.xtec.cat\/escolamestralvilanova\/wp-json\/wp\/v2\/categories?post=4601"},{"taxonomy":"post_tag","embeddable":true,"href":"https:\/\/agora.xtec.cat\/escolamestralvilanova\/wp-json\/wp\/v2\/tags?post=4601"}],"curies":[{"name":"wp","href":"https:\/\/api.w.org\/{rel}","templated":true}]}}