{"id":4594,"date":"2021-02-08T10:43:58","date_gmt":"2021-02-08T09:43:58","guid":{"rendered":"http:\/\/agora.xtec.cat\/escolamestralvilanova\/?p=4594"},"modified":"2021-02-08T10:47:43","modified_gmt":"2021-02-08T09:47:43","slug":"el-meu-poble-preferit","status":"publish","type":"post","link":"https:\/\/agora.xtec.cat\/escolamestralvilanova\/portada\/el-meu-poble-preferit\/","title":{"rendered":"EL MEU POBLE PREFERIT!"},"content":{"rendered":"<p>Dins del treball del centre d&#8217;inter\u00e8s del meu poble, els infants de primer hem treballat el poema &#8220;EL MEU POBLE PREFERIT&#8221; d&#8217;Emma Muriel.<\/p>\n<p>Hem llegit el poema, hem treballat el vocabulari i hem identificat les parts que caracteritzen el poema (t\u00edtol, vers i estrofa).<\/p>\n<p>Hem apr\u00e8s el poema i avui l&#8217;hav\u00edem de recitar. Aquest mat\u00ed la mare del Ja\u00efr ens ha enviat la el poema musicat que han gravat aquest cap de setmana i de seguida tots han volgut recitar el poema en forma de rap.<\/p>\n<p>Ens ha encantat, us enllacem el v\u00eddeo.<\/p>\n<ul>\n<li><a href=\"https:\/\/photos.app.goo.gl\/pTVGbb3cQVEiLWf58\">ENLLA\u00c7 AL V\u00cdDEO<\/a><\/li>\n<\/ul>\n<p>&nbsp;<\/p>\n<ul>\n<li><a href=\"https:\/\/photos.app.goo.gl\/aZwkUEFnGBaCK8j19\"><img loading=\"lazy\" decoding=\"async\" class=\"alignnone wp-image-4595 size-medium\" src=\"https:\/\/agora.xtec.cat\/escolamestralvilanova\/wp-content\/uploads\/usu729\/2021\/02\/IMG-6040-300x184.jpg\" alt=\"\" width=\"300\" height=\"184\" srcset=\"https:\/\/agora.xtec.cat\/escolamestralvilanova\/wp-content\/uploads\/usu729\/2021\/02\/IMG-6040-300x184.jpg 300w, https:\/\/agora.xtec.cat\/escolamestralvilanova\/wp-content\/uploads\/usu729\/2021\/02\/IMG-6040.jpg 750w\" sizes=\"auto, (max-width: 300px) 100vw, 300px\" \/><\/a><\/li>\n<\/ul>\n<p>&nbsp;<\/p>\n","protected":false},"excerpt":{"rendered":"<p>Dins del treball del centre d&#8217;inter\u00e8s del meu poble, els infants de primer hem treballat el poema &#8220;EL MEU POBLE PREFERIT&#8221; d&#8217;Emma Muriel.<br \/>\nHem llegit el poema, hem treballat el vocabulari i hem identificat les parts que caracteritzen el poema (t\u00edtol, vers i estrofa).<br \/>\nHem apr\u00e8s el&hellip;  <a href=\"https:\/\/agora.xtec.cat\/escolamestralvilanova\/portada\/el-meu-poble-preferit\/\" title=\"Read EL MEU POBLE PREFERIT!\">Llegeix m\u00e9s\u00bb<\/a><\/p>\n","protected":false},"author":6,"featured_media":0,"comment_status":"open","ping_status":"closed","sticky":false,"template":"","format":"standard","meta":{"_bbp_topic_count":0,"_bbp_reply_count":0,"_bbp_total_topic_count":0,"_bbp_total_reply_count":0,"_bbp_voice_count":0,"_bbp_anonymous_reply_count":0,"_bbp_topic_count_hidden":0,"_bbp_reply_count_hidden":0,"_bbp_forum_subforum_count":0,"footnotes":""},"categories":[10,4,5],"tags":[],"class_list":["post-4594","post","type-post","status-publish","format-standard","hentry","category-ei5-primer","category-portada","category-primaria"],"post_mailing_queue_ids":[],"_links":{"self":[{"href":"https:\/\/agora.xtec.cat\/escolamestralvilanova\/wp-json\/wp\/v2\/posts\/4594","targetHints":{"allow":["GET"]}}],"collection":[{"href":"https:\/\/agora.xtec.cat\/escolamestralvilanova\/wp-json\/wp\/v2\/posts"}],"about":[{"href":"https:\/\/agora.xtec.cat\/escolamestralvilanova\/wp-json\/wp\/v2\/types\/post"}],"author":[{"embeddable":true,"href":"https:\/\/agora.xtec.cat\/escolamestralvilanova\/wp-json\/wp\/v2\/users\/6"}],"replies":[{"embeddable":true,"href":"https:\/\/agora.xtec.cat\/escolamestralvilanova\/wp-json\/wp\/v2\/comments?post=4594"}],"version-history":[{"count":4,"href":"https:\/\/agora.xtec.cat\/escolamestralvilanova\/wp-json\/wp\/v2\/posts\/4594\/revisions"}],"predecessor-version":[{"id":4600,"href":"https:\/\/agora.xtec.cat\/escolamestralvilanova\/wp-json\/wp\/v2\/posts\/4594\/revisions\/4600"}],"wp:attachment":[{"href":"https:\/\/agora.xtec.cat\/escolamestralvilanova\/wp-json\/wp\/v2\/media?parent=4594"}],"wp:term":[{"taxonomy":"category","embeddable":true,"href":"https:\/\/agora.xtec.cat\/escolamestralvilanova\/wp-json\/wp\/v2\/categories?post=4594"},{"taxonomy":"post_tag","embeddable":true,"href":"https:\/\/agora.xtec.cat\/escolamestralvilanova\/wp-json\/wp\/v2\/tags?post=4594"}],"curies":[{"name":"wp","href":"https:\/\/api.w.org\/{rel}","templated":true}]}}