{"id":4581,"date":"2021-02-03T16:41:39","date_gmt":"2021-02-03T15:41:39","guid":{"rendered":"http:\/\/agora.xtec.cat\/escolamestralvilanova\/?p=4581"},"modified":"2021-02-03T16:42:07","modified_gmt":"2021-02-03T15:42:07","slug":"racons","status":"publish","type":"post","link":"https:\/\/agora.xtec.cat\/escolamestralvilanova\/infantil\/racons\/","title":{"rendered":"RACONS"},"content":{"rendered":"<p>Com cada setmana, hem estat treballant per racons:<br \/>\n&#8211; Rac\u00f3 del tra\u00e7: treballem la coordinaci\u00f3 visomotriu, exercitant una s\u00e8rie de tra\u00e7os amb el dit sobre l&#8217;arena, despr\u00e9s de reseguir-los amb el dit sobre cada panel sensorial.<br \/>\n&#8211; Rac\u00f3 de les formes: enganxem amb velcro cada forma geom\u00e8trica al seu espai corresponent.<br \/>\n&#8211; Cotxes i animalets: fem joc simb\u00f2lic amb ells, ens encanta!<\/p>\n<p>Al final els infants han unit el primer i el tercer rac\u00f3 i han creat un mini m\u00f3n!<\/p>\n<ul>\n<li><a href=\"https:\/\/photos.app.goo.gl\/bQP2SaNF6RzPgjbm9\">ENLLA\u00c7 A LES FOTOGRAFIES<\/a><\/li>\n<\/ul>\n<p><img loading=\"lazy\" decoding=\"async\" class=\"alignnone wp-image-4582 \" src=\"https:\/\/agora.xtec.cat\/escolamestralvilanova\/wp-content\/uploads\/usu729\/2021\/02\/IMG_20210203_101535-e1612366877819-300x300.jpg\" alt=\"\" width=\"254\" height=\"254\" srcset=\"https:\/\/agora.xtec.cat\/escolamestralvilanova\/wp-content\/uploads\/usu729\/2021\/02\/IMG_20210203_101535-e1612366877819-300x300.jpg 300w, https:\/\/agora.xtec.cat\/escolamestralvilanova\/wp-content\/uploads\/usu729\/2021\/02\/IMG_20210203_101535-e1612366877819-150x150.jpg 150w, https:\/\/agora.xtec.cat\/escolamestralvilanova\/wp-content\/uploads\/usu729\/2021\/02\/IMG_20210203_101535-e1612366877819-768x768.jpg 768w, https:\/\/agora.xtec.cat\/escolamestralvilanova\/wp-content\/uploads\/usu729\/2021\/02\/IMG_20210203_101535-e1612366877819-1024x1024.jpg 1024w\" sizes=\"auto, (max-width: 254px) 100vw, 254px\" \/><\/p>\n","protected":false},"excerpt":{"rendered":"<p>Com cada setmana, hem estat treballant per racons:<br \/>\n&#8211; Rac\u00f3 del tra\u00e7: treballem la coordinaci\u00f3 visomotriu, exercitant una s\u00e8rie de tra\u00e7os amb el dit sobre l&#8217;arena, despr\u00e9s de reseguir-los amb el dit sobre cada panel sensorial.<br \/>\n&#8211; Rac\u00f3 de les formes: enganxem amb velcro cada forma geom\u00e8trica&hellip;  <a href=\"https:\/\/agora.xtec.cat\/escolamestralvilanova\/infantil\/racons\/\" title=\"Read RACONS\">Llegeix m\u00e9s\u00bb<\/a><\/p>\n","protected":false},"author":1,"featured_media":0,"comment_status":"open","ping_status":"closed","sticky":false,"template":"","format":"standard","meta":{"_bbp_topic_count":0,"_bbp_reply_count":0,"_bbp_total_topic_count":0,"_bbp_total_reply_count":0,"_bbp_voice_count":0,"_bbp_anonymous_reply_count":0,"_bbp_topic_count_hidden":0,"_bbp_reply_count_hidden":0,"_bbp_forum_subforum_count":0,"footnotes":""},"categories":[14,59,2,4],"tags":[],"class_list":["post-4581","post","type-post","status-publish","format-standard","hentry","category-ei1-ei2","category-primer-cicle-ed-infantil","category-infantil","category-portada"],"post_mailing_queue_ids":[],"_links":{"self":[{"href":"https:\/\/agora.xtec.cat\/escolamestralvilanova\/wp-json\/wp\/v2\/posts\/4581","targetHints":{"allow":["GET"]}}],"collection":[{"href":"https:\/\/agora.xtec.cat\/escolamestralvilanova\/wp-json\/wp\/v2\/posts"}],"about":[{"href":"https:\/\/agora.xtec.cat\/escolamestralvilanova\/wp-json\/wp\/v2\/types\/post"}],"author":[{"embeddable":true,"href":"https:\/\/agora.xtec.cat\/escolamestralvilanova\/wp-json\/wp\/v2\/users\/1"}],"replies":[{"embeddable":true,"href":"https:\/\/agora.xtec.cat\/escolamestralvilanova\/wp-json\/wp\/v2\/comments?post=4581"}],"version-history":[{"count":1,"href":"https:\/\/agora.xtec.cat\/escolamestralvilanova\/wp-json\/wp\/v2\/posts\/4581\/revisions"}],"predecessor-version":[{"id":4583,"href":"https:\/\/agora.xtec.cat\/escolamestralvilanova\/wp-json\/wp\/v2\/posts\/4581\/revisions\/4583"}],"wp:attachment":[{"href":"https:\/\/agora.xtec.cat\/escolamestralvilanova\/wp-json\/wp\/v2\/media?parent=4581"}],"wp:term":[{"taxonomy":"category","embeddable":true,"href":"https:\/\/agora.xtec.cat\/escolamestralvilanova\/wp-json\/wp\/v2\/categories?post=4581"},{"taxonomy":"post_tag","embeddable":true,"href":"https:\/\/agora.xtec.cat\/escolamestralvilanova\/wp-json\/wp\/v2\/tags?post=4581"}],"curies":[{"name":"wp","href":"https:\/\/api.w.org\/{rel}","templated":true}]}}