{"id":4572,"date":"2021-02-01T21:54:47","date_gmt":"2021-02-01T20:54:47","guid":{"rendered":"http:\/\/agora.xtec.cat\/escolamestralvilanova\/?p=4572"},"modified":"2021-02-01T21:54:57","modified_gmt":"2021-02-01T20:54:57","slug":"aprenem-sobre-els-cargols","status":"publish","type":"post","link":"https:\/\/agora.xtec.cat\/escolamestralvilanova\/infantil\/aprenem-sobre-els-cargols\/","title":{"rendered":"APRENEM SOBRE ELS CARGOLS"},"content":{"rendered":"<p style=\"text-align: justify;\">Avui, com cada setmana, hem observat als cargols i hem apr\u00e8s coses sobre ells:<\/p>\n<p>&#8211; Les parts del seu cos: les hem vist amb lupa amb detall <img decoding=\"async\" class=\"CToWUd\" src=\"https:\/\/mail.google.com\/mail\/e\/1f50d\" alt=\"\ud83d\udd0d\" data-goomoji=\"1f50d\" data-image-whitelisted=\"\" \/><br \/>\n&#8211; Qu\u00e8 mengen: els hi hem donat enciam i aigua.<br \/>\n&#8211; On viuen: als boscos, les fulles&#8230;<\/p>\n<p>A m\u00e9s, fa uns dies vam descobrir que havien post ous i estaven amagats sota la terra ! \ud83e\udd5a<br \/>\nI avui hem observat tamb\u00e9 que ja havien comen\u00e7at a sortir dels ouets, mireu quins cargols m\u00e9s diminuts!<\/p>\n<ul>\n<li><a href=\"https:\/\/photos.app.goo.gl\/rXAZmyPp9AfrhxPX9\">ENLLA\u00c7 A LES FOTOGRAFIES<\/a><\/li>\n<\/ul>\n<p><a href=\"https:\/\/photos.app.goo.gl\/rXAZmyPp9AfrhxPX9\"><img loading=\"lazy\" decoding=\"async\" class=\"alignnone wp-image-4573 size-medium\" src=\"https:\/\/agora.xtec.cat\/escolamestralvilanova\/wp-content\/uploads\/usu729\/2021\/02\/IMG_20210201_103205-e1612212846421-300x300.jpg\" alt=\"\" width=\"300\" height=\"300\" srcset=\"https:\/\/agora.xtec.cat\/escolamestralvilanova\/wp-content\/uploads\/usu729\/2021\/02\/IMG_20210201_103205-e1612212846421-300x300.jpg 300w, https:\/\/agora.xtec.cat\/escolamestralvilanova\/wp-content\/uploads\/usu729\/2021\/02\/IMG_20210201_103205-e1612212846421-150x150.jpg 150w, https:\/\/agora.xtec.cat\/escolamestralvilanova\/wp-content\/uploads\/usu729\/2021\/02\/IMG_20210201_103205-e1612212846421-768x768.jpg 768w, https:\/\/agora.xtec.cat\/escolamestralvilanova\/wp-content\/uploads\/usu729\/2021\/02\/IMG_20210201_103205-e1612212846421-1024x1024.jpg 1024w\" sizes=\"auto, (max-width: 300px) 100vw, 300px\" \/><\/a><\/p>\n","protected":false},"excerpt":{"rendered":"<p>Avui, com cada setmana, hem observat als cargols i hem apr\u00e8s coses sobre ells:<br \/>\n&#8211; Les parts del seu cos: les hem vist amb lupa amb detall<br \/>\n&#8211; Qu\u00e8 mengen: els hi hem donat enciam i aigua.<br \/>\n&#8211; On viuen: als boscos, les fulles&#8230;<br \/>\nA m\u00e9s, fa uns&hellip;  <a href=\"https:\/\/agora.xtec.cat\/escolamestralvilanova\/infantil\/aprenem-sobre-els-cargols\/\" title=\"Read APRENEM SOBRE ELS CARGOLS\">Llegeix m\u00e9s\u00bb<\/a><\/p>\n","protected":false},"author":1,"featured_media":0,"comment_status":"open","ping_status":"closed","sticky":false,"template":"","format":"standard","meta":{"_bbp_topic_count":0,"_bbp_reply_count":0,"_bbp_total_topic_count":0,"_bbp_total_reply_count":0,"_bbp_voice_count":0,"_bbp_anonymous_reply_count":0,"_bbp_topic_count_hidden":0,"_bbp_reply_count_hidden":0,"_bbp_forum_subforum_count":0,"footnotes":""},"categories":[14,59,2,4],"tags":[],"class_list":["post-4572","post","type-post","status-publish","format-standard","hentry","category-ei1-ei2","category-primer-cicle-ed-infantil","category-infantil","category-portada"],"post_mailing_queue_ids":[],"_links":{"self":[{"href":"https:\/\/agora.xtec.cat\/escolamestralvilanova\/wp-json\/wp\/v2\/posts\/4572","targetHints":{"allow":["GET"]}}],"collection":[{"href":"https:\/\/agora.xtec.cat\/escolamestralvilanova\/wp-json\/wp\/v2\/posts"}],"about":[{"href":"https:\/\/agora.xtec.cat\/escolamestralvilanova\/wp-json\/wp\/v2\/types\/post"}],"author":[{"embeddable":true,"href":"https:\/\/agora.xtec.cat\/escolamestralvilanova\/wp-json\/wp\/v2\/users\/1"}],"replies":[{"embeddable":true,"href":"https:\/\/agora.xtec.cat\/escolamestralvilanova\/wp-json\/wp\/v2\/comments?post=4572"}],"version-history":[{"count":2,"href":"https:\/\/agora.xtec.cat\/escolamestralvilanova\/wp-json\/wp\/v2\/posts\/4572\/revisions"}],"predecessor-version":[{"id":4575,"href":"https:\/\/agora.xtec.cat\/escolamestralvilanova\/wp-json\/wp\/v2\/posts\/4572\/revisions\/4575"}],"wp:attachment":[{"href":"https:\/\/agora.xtec.cat\/escolamestralvilanova\/wp-json\/wp\/v2\/media?parent=4572"}],"wp:term":[{"taxonomy":"category","embeddable":true,"href":"https:\/\/agora.xtec.cat\/escolamestralvilanova\/wp-json\/wp\/v2\/categories?post=4572"},{"taxonomy":"post_tag","embeddable":true,"href":"https:\/\/agora.xtec.cat\/escolamestralvilanova\/wp-json\/wp\/v2\/tags?post=4572"}],"curies":[{"name":"wp","href":"https:\/\/api.w.org\/{rel}","templated":true}]}}