{"id":4553,"date":"2021-01-29T19:17:32","date_gmt":"2021-01-29T18:17:32","guid":{"rendered":"http:\/\/agora.xtec.cat\/escolamestralvilanova\/?p=4553"},"modified":"2021-01-30T13:22:06","modified_gmt":"2021-01-30T12:22:06","slug":"energies-renovables-al-poble","status":"publish","type":"post","link":"https:\/\/agora.xtec.cat\/escolamestralvilanova\/general\/energies-renovables-al-poble\/","title":{"rendered":"IMPULSEM LES ENERGIES RENOVABLES!"},"content":{"rendered":"<p style=\"text-align: justify;\">Els alumnes de sis\u00e8 estem treballant les energies renovables i per aix\u00f2 hem preparat una proposta d&#8217;implementaci\u00f3 de les energies al nostre poble.<\/p>\n<p style=\"text-align: justify;\">Durant el dia d&#8217;avui hem mostrat els nostres projectes als companys\/es per tal que en facin una valoraci\u00f3 i aix\u00ed poder-los millorar.<\/p>\n<p style=\"text-align: justify;\">Quan tinguem els projectes definitius els compartirem a la p\u00e0gina web!<\/p>\n<p><a href=\"https:\/\/drive.google.com\/file\/d\/1faizPD8144-gLLRBkyRlwLoUAckozu9f\/view?usp=sharing\"><img loading=\"lazy\" decoding=\"async\" class=\"alignnone size-medium wp-image-4561\" src=\"https:\/\/agora.xtec.cat\/escolamestralvilanova\/wp-content\/uploads\/usu729\/2021\/01\/Captura-de-Pantalla-2021-01-29-a-les-19.13.31-300x168.png\" alt=\"\" width=\"300\" height=\"168\" srcset=\"https:\/\/agora.xtec.cat\/escolamestralvilanova\/wp-content\/uploads\/usu729\/2021\/01\/Captura-de-Pantalla-2021-01-29-a-les-19.13.31-300x168.png 300w, https:\/\/agora.xtec.cat\/escolamestralvilanova\/wp-content\/uploads\/usu729\/2021\/01\/Captura-de-Pantalla-2021-01-29-a-les-19.13.31-768x430.png 768w, https:\/\/agora.xtec.cat\/escolamestralvilanova\/wp-content\/uploads\/usu729\/2021\/01\/Captura-de-Pantalla-2021-01-29-a-les-19.13.31-1024x573.png 1024w, https:\/\/agora.xtec.cat\/escolamestralvilanova\/wp-content\/uploads\/usu729\/2021\/01\/Captura-de-Pantalla-2021-01-29-a-les-19.13.31.png 1884w\" sizes=\"auto, (max-width: 300px) 100vw, 300px\" \/><\/a><\/p>\n<p><a href=\"https:\/\/drive.google.com\/file\/d\/1faizPD8144-gLLRBkyRlwLoUAckozu9f\/view?usp=sharing\">ENERGIA HIDR\u00c0ULICA<\/a><\/p>\n<p><a href=\"https:\/\/drive.google.com\/file\/d\/1u3YOj2EzW6lGVwgSEyKiycvIZ36ljdQX\/view?usp=sharing\"><img loading=\"lazy\" decoding=\"async\" class=\"alignnone size-medium wp-image-4562\" src=\"https:\/\/agora.xtec.cat\/escolamestralvilanova\/wp-content\/uploads\/usu729\/2021\/01\/Captura-de-Pantalla-2021-01-29-a-les-19.12.56-300x167.png\" alt=\"\" width=\"300\" height=\"167\" srcset=\"https:\/\/agora.xtec.cat\/escolamestralvilanova\/wp-content\/uploads\/usu729\/2021\/01\/Captura-de-Pantalla-2021-01-29-a-les-19.12.56-300x167.png 300w, https:\/\/agora.xtec.cat\/escolamestralvilanova\/wp-content\/uploads\/usu729\/2021\/01\/Captura-de-Pantalla-2021-01-29-a-les-19.12.56-768x428.png 768w, https:\/\/agora.xtec.cat\/escolamestralvilanova\/wp-content\/uploads\/usu729\/2021\/01\/Captura-de-Pantalla-2021-01-29-a-les-19.12.56-1024x570.png 1024w, https:\/\/agora.xtec.cat\/escolamestralvilanova\/wp-content\/uploads\/usu729\/2021\/01\/Captura-de-Pantalla-2021-01-29-a-les-19.12.56.png 1882w\" sizes=\"auto, (max-width: 300px) 100vw, 300px\" \/><\/a><\/p>\n<p><a href=\"https:\/\/drive.google.com\/file\/d\/1u3YOj2EzW6lGVwgSEyKiycvIZ36ljdQX\/view?usp=sharing\">BIOMASSA<\/a><\/p>\n<p><a href=\"https:\/\/drive.google.com\/file\/d\/1I9zX4QQ4Pr6HIP0FRmFvxbqfKfZN6Svv\/view?usp=sharing\"><img loading=\"lazy\" decoding=\"async\" class=\"alignnone size-medium wp-image-4564\" src=\"https:\/\/agora.xtec.cat\/escolamestralvilanova\/wp-content\/uploads\/usu729\/2021\/01\/Captura-de-Pantalla-2021-01-29-a-les-19.14.38-300x168.png\" alt=\"\" width=\"300\" height=\"168\" srcset=\"https:\/\/agora.xtec.cat\/escolamestralvilanova\/wp-content\/uploads\/usu729\/2021\/01\/Captura-de-Pantalla-2021-01-29-a-les-19.14.38-300x168.png 300w, https:\/\/agora.xtec.cat\/escolamestralvilanova\/wp-content\/uploads\/usu729\/2021\/01\/Captura-de-Pantalla-2021-01-29-a-les-19.14.38-768x430.png 768w, https:\/\/agora.xtec.cat\/escolamestralvilanova\/wp-content\/uploads\/usu729\/2021\/01\/Captura-de-Pantalla-2021-01-29-a-les-19.14.38.png 1000w\" sizes=\"auto, (max-width: 300px) 100vw, 300px\" \/><\/a><\/p>\n<p><a href=\"https:\/\/drive.google.com\/file\/d\/1I9zX4QQ4Pr6HIP0FRmFvxbqfKfZN6Svv\/view?usp=sharing\">ENERGIA SOLAR<\/a><\/p>\n<p><a href=\"https:\/\/drive.google.com\/file\/d\/1t8HupkUZ_92cG11MKLz4PeCvG2HeCoNY\/view?usp=sharing\"><img loading=\"lazy\" decoding=\"async\" class=\"alignnone size-medium wp-image-4563\" src=\"https:\/\/agora.xtec.cat\/escolamestralvilanova\/wp-content\/uploads\/usu729\/2021\/01\/Captura-de-Pantalla-2021-01-29-a-les-19.15.09-300x169.png\" alt=\"\" width=\"300\" height=\"169\" srcset=\"https:\/\/agora.xtec.cat\/escolamestralvilanova\/wp-content\/uploads\/usu729\/2021\/01\/Captura-de-Pantalla-2021-01-29-a-les-19.15.09-300x169.png 300w, https:\/\/agora.xtec.cat\/escolamestralvilanova\/wp-content\/uploads\/usu729\/2021\/01\/Captura-de-Pantalla-2021-01-29-a-les-19.15.09-768x432.png 768w, https:\/\/agora.xtec.cat\/escolamestralvilanova\/wp-content\/uploads\/usu729\/2021\/01\/Captura-de-Pantalla-2021-01-29-a-les-19.15.09-1024x576.png 1024w, https:\/\/agora.xtec.cat\/escolamestralvilanova\/wp-content\/uploads\/usu729\/2021\/01\/Captura-de-Pantalla-2021-01-29-a-les-19.15.09.png 1882w\" sizes=\"auto, (max-width: 300px) 100vw, 300px\" \/><\/a><\/p>\n<p><a href=\"https:\/\/drive.google.com\/file\/d\/1t8HupkUZ_92cG11MKLz4PeCvG2HeCoNY\/view?usp=sharing\">ENERGIA E\u00d2LICA<\/a><\/p>\n","protected":false},"excerpt":{"rendered":"<p>Els alumnes de sis\u00e8 estem treballant les energies renovables i per aix\u00f2 hem preparat una proposta d&#8217;implementaci\u00f3 de les energies al nostre poble.<br \/>\nDurant el dia d&#8217;avui hem mostrat els nostres projectes als companys\/es per tal que en facin una valoraci\u00f3 i aix\u00ed poder-los millorar.<br \/>\nQuan tinguem&hellip;  <a href=\"https:\/\/agora.xtec.cat\/escolamestralvilanova\/general\/energies-renovables-al-poble\/\" title=\"Read IMPULSEM LES ENERGIES RENOVABLES!\">Llegeix m\u00e9s\u00bb<\/a><\/p>\n","protected":false},"author":1,"featured_media":0,"comment_status":"open","ping_status":"closed","sticky":false,"template":"","format":"standard","meta":{"_bbp_topic_count":0,"_bbp_reply_count":0,"_bbp_total_topic_count":0,"_bbp_total_reply_count":0,"_bbp_voice_count":0,"_bbp_anonymous_reply_count":0,"_bbp_topic_count_hidden":0,"_bbp_reply_count_hidden":0,"_bbp_forum_subforum_count":0,"footnotes":""},"categories":[15,1,4,5],"tags":[],"class_list":["post-4553","post","type-post","status-publish","format-standard","hentry","category-cicle-superior","category-general","category-portada","category-primaria"],"post_mailing_queue_ids":[],"_links":{"self":[{"href":"https:\/\/agora.xtec.cat\/escolamestralvilanova\/wp-json\/wp\/v2\/posts\/4553","targetHints":{"allow":["GET"]}}],"collection":[{"href":"https:\/\/agora.xtec.cat\/escolamestralvilanova\/wp-json\/wp\/v2\/posts"}],"about":[{"href":"https:\/\/agora.xtec.cat\/escolamestralvilanova\/wp-json\/wp\/v2\/types\/post"}],"author":[{"embeddable":true,"href":"https:\/\/agora.xtec.cat\/escolamestralvilanova\/wp-json\/wp\/v2\/users\/1"}],"replies":[{"embeddable":true,"href":"https:\/\/agora.xtec.cat\/escolamestralvilanova\/wp-json\/wp\/v2\/comments?post=4553"}],"version-history":[{"count":3,"href":"https:\/\/agora.xtec.cat\/escolamestralvilanova\/wp-json\/wp\/v2\/posts\/4553\/revisions"}],"predecessor-version":[{"id":4571,"href":"https:\/\/agora.xtec.cat\/escolamestralvilanova\/wp-json\/wp\/v2\/posts\/4553\/revisions\/4571"}],"wp:attachment":[{"href":"https:\/\/agora.xtec.cat\/escolamestralvilanova\/wp-json\/wp\/v2\/media?parent=4553"}],"wp:term":[{"taxonomy":"category","embeddable":true,"href":"https:\/\/agora.xtec.cat\/escolamestralvilanova\/wp-json\/wp\/v2\/categories?post=4553"},{"taxonomy":"post_tag","embeddable":true,"href":"https:\/\/agora.xtec.cat\/escolamestralvilanova\/wp-json\/wp\/v2\/tags?post=4553"}],"curies":[{"name":"wp","href":"https:\/\/api.w.org\/{rel}","templated":true}]}}