{"id":4541,"date":"2021-01-29T15:30:17","date_gmt":"2021-01-29T14:30:17","guid":{"rendered":"http:\/\/agora.xtec.cat\/escolamestralvilanova\/?p=4541"},"modified":"2021-01-29T19:29:11","modified_gmt":"2021-01-29T18:29:11","slug":"dia-de-la-pau","status":"publish","type":"post","link":"https:\/\/agora.xtec.cat\/escolamestralvilanova\/general\/dia-de-la-pau\/","title":{"rendered":"DIA DE LA PAU"},"content":{"rendered":"<p style=\"text-align: justify;\">Amb motiu del dia de la Pau que se celebra dem\u00e0 dia 30 de gener a l&#8217;escola hem realitzat feines relacionades amb aquesta aspecte.<\/p>\n<p style=\"text-align: justify;\">Hem parat a reflexionar sobre la import\u00e0ncia del respecte i de tractar b\u00e9 a la gent que tenim al nostre voltant.<\/p>\n<p style=\"text-align: justify;\">Ens n&#8217;adonem que estimar a la gent que tenim aprop nostre \u00e9s molt important i \u00e9s per aqu\u00ed on podem comen\u00e7ar a contribuir perqu\u00e8 al m\u00f3n hi hagi PAU.<\/p>\n<ul>\n<li><a href=\"https:\/\/photos.app.goo.gl\/opmbPP1T5Eo97V8h6\">ENLLA\u00c7 A LES FOTOGRAFIES<\/a><\/li>\n<\/ul>\n<p><a href=\"https:\/\/photos.app.goo.gl\/opmbPP1T5Eo97V8h6\"><img loading=\"lazy\" decoding=\"async\" class=\"alignnone size-medium wp-image-4544\" src=\"https:\/\/agora.xtec.cat\/escolamestralvilanova\/wp-content\/uploads\/usu729\/2021\/01\/d71ed884-f78b-4b4d-9074-2a20e913bf8d-300x225.jpeg\" alt=\"\" width=\"300\" height=\"225\" srcset=\"https:\/\/agora.xtec.cat\/escolamestralvilanova\/wp-content\/uploads\/usu729\/2021\/01\/d71ed884-f78b-4b4d-9074-2a20e913bf8d-300x225.jpeg 300w, https:\/\/agora.xtec.cat\/escolamestralvilanova\/wp-content\/uploads\/usu729\/2021\/01\/d71ed884-f78b-4b4d-9074-2a20e913bf8d-768x576.jpeg 768w, https:\/\/agora.xtec.cat\/escolamestralvilanova\/wp-content\/uploads\/usu729\/2021\/01\/d71ed884-f78b-4b4d-9074-2a20e913bf8d-1024x769.jpeg 1024w, https:\/\/agora.xtec.cat\/escolamestralvilanova\/wp-content\/uploads\/usu729\/2021\/01\/d71ed884-f78b-4b4d-9074-2a20e913bf8d-200x150.jpeg 200w, https:\/\/agora.xtec.cat\/escolamestralvilanova\/wp-content\/uploads\/usu729\/2021\/01\/d71ed884-f78b-4b4d-9074-2a20e913bf8d.jpeg 1600w\" sizes=\"auto, (max-width: 300px) 100vw, 300px\" \/><\/a><\/p>\n","protected":false},"excerpt":{"rendered":"<p>Amb motiu del dia de la Pau que se celebra dem\u00e0 dia 30 de gener a l&#8217;escola hem realitzat feines relacionades amb aquesta aspecte.<br \/>\nHem parat a reflexionar sobre la import\u00e0ncia del respecte i de tractar b\u00e9 a la gent que tenim al nostre voltant.<br \/>\nEns n&#8217;adonem&hellip;  <a href=\"https:\/\/agora.xtec.cat\/escolamestralvilanova\/general\/dia-de-la-pau\/\" title=\"Read DIA DE LA PAU\">Llegeix m\u00e9s\u00bb<\/a><\/p>\n","protected":false},"author":1,"featured_media":0,"comment_status":"open","ping_status":"closed","sticky":false,"template":"","format":"standard","meta":{"_bbp_topic_count":0,"_bbp_reply_count":0,"_bbp_total_topic_count":0,"_bbp_total_reply_count":0,"_bbp_voice_count":0,"_bbp_anonymous_reply_count":0,"_bbp_topic_count_hidden":0,"_bbp_reply_count_hidden":0,"_bbp_forum_subforum_count":0,"footnotes":""},"categories":[1,4,5],"tags":[],"class_list":["post-4541","post","type-post","status-publish","format-standard","hentry","category-general","category-portada","category-primaria"],"post_mailing_queue_ids":[],"_links":{"self":[{"href":"https:\/\/agora.xtec.cat\/escolamestralvilanova\/wp-json\/wp\/v2\/posts\/4541","targetHints":{"allow":["GET"]}}],"collection":[{"href":"https:\/\/agora.xtec.cat\/escolamestralvilanova\/wp-json\/wp\/v2\/posts"}],"about":[{"href":"https:\/\/agora.xtec.cat\/escolamestralvilanova\/wp-json\/wp\/v2\/types\/post"}],"author":[{"embeddable":true,"href":"https:\/\/agora.xtec.cat\/escolamestralvilanova\/wp-json\/wp\/v2\/users\/1"}],"replies":[{"embeddable":true,"href":"https:\/\/agora.xtec.cat\/escolamestralvilanova\/wp-json\/wp\/v2\/comments?post=4541"}],"version-history":[{"count":3,"href":"https:\/\/agora.xtec.cat\/escolamestralvilanova\/wp-json\/wp\/v2\/posts\/4541\/revisions"}],"predecessor-version":[{"id":4568,"href":"https:\/\/agora.xtec.cat\/escolamestralvilanova\/wp-json\/wp\/v2\/posts\/4541\/revisions\/4568"}],"wp:attachment":[{"href":"https:\/\/agora.xtec.cat\/escolamestralvilanova\/wp-json\/wp\/v2\/media?parent=4541"}],"wp:term":[{"taxonomy":"category","embeddable":true,"href":"https:\/\/agora.xtec.cat\/escolamestralvilanova\/wp-json\/wp\/v2\/categories?post=4541"},{"taxonomy":"post_tag","embeddable":true,"href":"https:\/\/agora.xtec.cat\/escolamestralvilanova\/wp-json\/wp\/v2\/tags?post=4541"}],"curies":[{"name":"wp","href":"https:\/\/api.w.org\/{rel}","templated":true}]}}