{"id":4535,"date":"2021-01-28T16:04:08","date_gmt":"2021-01-28T15:04:08","guid":{"rendered":"http:\/\/agora.xtec.cat\/escolamestralvilanova\/?p=4535"},"modified":"2021-01-28T17:21:17","modified_gmt":"2021-01-28T16:21:17","slug":"conte-embaras","status":"publish","type":"post","link":"https:\/\/agora.xtec.cat\/escolamestralvilanova\/infantil\/conte-embaras\/","title":{"rendered":"CONTE EMBAR\u00c0S"},"content":{"rendered":"<div class=\"gs\">\n<div class=\"\">\n<div id=\":222\" class=\"ii gt\">\n<div id=\":223\" class=\"a3s aiL \">\n<p style=\"text-align: justify;\">Aprofitant que dos infants de l&#8217;escoleta tindran un germanet en els propers mesos, hem explicat un conte desplegable on es veu com va creixent un fetus dins la panxa de la mare.<\/p>\n<div>\n<p style=\"text-align: justify;\">Tamb\u00e9 hem estat jugant amb unes titelles de dit en les quals hi havia una dona embarassada i el nad\u00f3, ens han agradat molt i hem fet teatre amb elles!! <img decoding=\"async\" class=\"CToWUd\" src=\"https:\/\/mail.google.com\/mail\/e\/1f476\" alt=\"\ud83d\udc76\" data-goomoji=\"1f476\" data-image-whitelisted=\"\" \/><\/p>\n<p style=\"text-align: justify;\">Per \u00faltim, hem visionat imatges de l&#8217;evoluci\u00f3 de la panxa de la mare durant l&#8217;embar\u00e0s i tamb\u00e9 dues ecografies de les mares de l&#8217;escoleta, gr\u00e0cies fam\u00edlies!<\/p>\n<div class=\"adL\"><\/div>\n<\/div>\n<ul>\n<li><a href=\"https:\/\/photos.app.goo.gl\/GH2u2jWzwRnxWbLe8\">ENLLA\u00c7 A LES FOTOGRAFIES<\/a><\/li>\n<\/ul>\n<\/div>\n<\/div>\n<div class=\"hi\"><a href=\"https:\/\/photos.app.goo.gl\/GH2u2jWzwRnxWbLe8\"><img loading=\"lazy\" decoding=\"async\" class=\"alignnone wp-image-4536 size-medium\" src=\"https:\/\/agora.xtec.cat\/escolamestralvilanova\/wp-content\/uploads\/usu729\/2021\/01\/IMG_20210128_104000-e1611846221715-300x300.jpg\" alt=\"\" width=\"300\" height=\"300\" srcset=\"https:\/\/agora.xtec.cat\/escolamestralvilanova\/wp-content\/uploads\/usu729\/2021\/01\/IMG_20210128_104000-e1611846221715-300x300.jpg 300w, https:\/\/agora.xtec.cat\/escolamestralvilanova\/wp-content\/uploads\/usu729\/2021\/01\/IMG_20210128_104000-e1611846221715-150x150.jpg 150w, https:\/\/agora.xtec.cat\/escolamestralvilanova\/wp-content\/uploads\/usu729\/2021\/01\/IMG_20210128_104000-e1611846221715-768x768.jpg 768w, https:\/\/agora.xtec.cat\/escolamestralvilanova\/wp-content\/uploads\/usu729\/2021\/01\/IMG_20210128_104000-e1611846221715-1024x1024.jpg 1024w\" sizes=\"auto, (max-width: 300px) 100vw, 300px\" \/><\/a><\/div>\n<\/div>\n<\/div>\n","protected":false},"excerpt":{"rendered":"<p>Aprofitant que dos infants de l&#8217;escoleta tindran un germanet en els propers mesos, hem explicat un conte desplegable on es veu com va creixent un fetus dins la panxa de la mare.<\/p>\n<p>Tamb\u00e9 hem estat jugant amb unes titelles de dit en les quals hi havia&hellip;  <a href=\"https:\/\/agora.xtec.cat\/escolamestralvilanova\/infantil\/conte-embaras\/\" title=\"Read CONTE EMBAR\u00c0S\">Llegeix m\u00e9s\u00bb<\/a><\/p>\n","protected":false},"author":1,"featured_media":0,"comment_status":"open","ping_status":"closed","sticky":false,"template":"","format":"standard","meta":{"_bbp_topic_count":0,"_bbp_reply_count":0,"_bbp_total_topic_count":0,"_bbp_total_reply_count":0,"_bbp_voice_count":0,"_bbp_anonymous_reply_count":0,"_bbp_topic_count_hidden":0,"_bbp_reply_count_hidden":0,"_bbp_forum_subforum_count":0,"footnotes":""},"categories":[14,59,2,4],"tags":[],"class_list":["post-4535","post","type-post","status-publish","format-standard","hentry","category-ei1-ei2","category-primer-cicle-ed-infantil","category-infantil","category-portada"],"post_mailing_queue_ids":[],"_links":{"self":[{"href":"https:\/\/agora.xtec.cat\/escolamestralvilanova\/wp-json\/wp\/v2\/posts\/4535","targetHints":{"allow":["GET"]}}],"collection":[{"href":"https:\/\/agora.xtec.cat\/escolamestralvilanova\/wp-json\/wp\/v2\/posts"}],"about":[{"href":"https:\/\/agora.xtec.cat\/escolamestralvilanova\/wp-json\/wp\/v2\/types\/post"}],"author":[{"embeddable":true,"href":"https:\/\/agora.xtec.cat\/escolamestralvilanova\/wp-json\/wp\/v2\/users\/1"}],"replies":[{"embeddable":true,"href":"https:\/\/agora.xtec.cat\/escolamestralvilanova\/wp-json\/wp\/v2\/comments?post=4535"}],"version-history":[{"count":3,"href":"https:\/\/agora.xtec.cat\/escolamestralvilanova\/wp-json\/wp\/v2\/posts\/4535\/revisions"}],"predecessor-version":[{"id":4540,"href":"https:\/\/agora.xtec.cat\/escolamestralvilanova\/wp-json\/wp\/v2\/posts\/4535\/revisions\/4540"}],"wp:attachment":[{"href":"https:\/\/agora.xtec.cat\/escolamestralvilanova\/wp-json\/wp\/v2\/media?parent=4535"}],"wp:term":[{"taxonomy":"category","embeddable":true,"href":"https:\/\/agora.xtec.cat\/escolamestralvilanova\/wp-json\/wp\/v2\/categories?post=4535"},{"taxonomy":"post_tag","embeddable":true,"href":"https:\/\/agora.xtec.cat\/escolamestralvilanova\/wp-json\/wp\/v2\/tags?post=4535"}],"curies":[{"name":"wp","href":"https:\/\/api.w.org\/{rel}","templated":true}]}}