{"id":4532,"date":"2021-01-28T13:31:53","date_gmt":"2021-01-28T12:31:53","guid":{"rendered":"http:\/\/agora.xtec.cat\/escolamestralvilanova\/?p=4532"},"modified":"2021-01-28T13:31:58","modified_gmt":"2021-01-28T12:31:58","slug":"col%c2%b7laboracio-posat-la-gorra","status":"publish","type":"post","link":"https:\/\/agora.xtec.cat\/escolamestralvilanova\/portada\/col%c2%b7laboracio-posat-la-gorra\/","title":{"rendered":"COL\u00b7LABORACI\u00d3 POSA&#8217;T LA GORRA"},"content":{"rendered":"<p style=\"text-align: justify;\">Com cada any, des de l\u2019AFANOC Lleida ens proposen col\u00b7laborar en la campanya \u201cPosa\u2019t la Gorra!\u201d que enguany arriba a la <b>8\u00aa edici\u00f3.\u00a0<\/b><\/p>\n<p style=\"text-align: justify;\">L\u2019Associaci\u00f3\u00a0AFANOC, creada per un grup de pares i mares el 1987, porta programes d\u2019atenci\u00f3 social, de suport emocional i atenci\u00f3 psicol\u00f2gica, programes de voluntariat, d\u2019activitats d\u2019oci i lleure als hospitals, sortides familiars, col\u00f2nies d\u2019estiu i la Casa dels Xuklis, una casa d\u2019acollida per a totes les fam\u00edlies que s\u2019han de despla\u00e7ar de les seves poblacions d\u2019origen per traslladar-se als hospitals de refer\u00e8ncia de Barcelona per rebre tractament.<\/p>\n<p style=\"text-align: justify;\"><b>Degut\u00a0la situaci\u00f3 actual, la vuitena edici\u00f3 que estava prevista pel diumenge 21 de febrer, no es podr\u00e0 dur a terme tal com l\u2019AFANOC\u00a0tenia previst, per\u00f2 s\u2019espera poder traslladar-la de forma presencial a la primavera.\u00a0<\/b><\/p>\n<p style=\"text-align: justify;\">Els fons aconseguits serviran per millorar la qualitat de vida dels infants malalts de c\u00e0ncer, millorant les seves condicions a l\u2019hospital i donant suport psicosocial amb tots els programes que es porten a terme des de la casa dels Xuklis i la delegaci\u00f3 de Lleida.<\/p>\n<p style=\"text-align: justify;\">Nosaltres podem col\u00b7laborar comprant la\u00a0gorra, que\u00a0t\u00e9 un\u00a0cost de\u00a0<b>8\u20ac<\/b>\u00a0i est\u00e0 dissenyada per la marca NATURA.<\/p>\n<p style=\"text-align: justify;\"><b>Per tal de comprar la gorra, <\/b>es podran adquirir directament a l&#8217;escola\u00a0<b>portant l&#8217;import exacte (8\u20ac) fins el divendres 12 de febrer.<\/b><\/p>\n<p><img loading=\"lazy\" decoding=\"async\" class=\"alignnone wp-image-4533\" src=\"https:\/\/agora.xtec.cat\/escolamestralvilanova\/wp-content\/uploads\/usu729\/2021\/01\/Banner-WebLleida-300x90.jpg\" alt=\"\" width=\"383\" height=\"115\" srcset=\"https:\/\/agora.xtec.cat\/escolamestralvilanova\/wp-content\/uploads\/usu729\/2021\/01\/Banner-WebLleida-300x90.jpg 300w, https:\/\/agora.xtec.cat\/escolamestralvilanova\/wp-content\/uploads\/usu729\/2021\/01\/Banner-WebLleida-768x230.jpg 768w, https:\/\/agora.xtec.cat\/escolamestralvilanova\/wp-content\/uploads\/usu729\/2021\/01\/Banner-WebLleida-1024x307.jpg 1024w, https:\/\/agora.xtec.cat\/escolamestralvilanova\/wp-content\/uploads\/usu729\/2021\/01\/Banner-WebLleida.jpg 2000w\" sizes=\"auto, (max-width: 383px) 100vw, 383px\" \/><\/p>\n","protected":false},"excerpt":{"rendered":"<p>Com cada any, des de l\u2019AFANOC Lleida ens proposen col\u00b7laborar en la campanya \u201cPosa\u2019t la Gorra!\u201d que enguany arriba a la 8\u00aa edici\u00f3.\u00a0<br \/>\nL\u2019Associaci\u00f3\u00a0AFANOC, creada per un grup de pares i mares el 1987, porta programes d\u2019atenci\u00f3 social, de suport emocional i atenci\u00f3 psicol\u00f2gica, programes de&hellip;  <a href=\"https:\/\/agora.xtec.cat\/escolamestralvilanova\/portada\/col%c2%b7laboracio-posat-la-gorra\/\" title=\"Read COL\u00b7LABORACI\u00d3 POSA&#8217;T LA GORRA\">Llegeix m\u00e9s\u00bb<\/a><\/p>\n","protected":false},"author":1,"featured_media":0,"comment_status":"open","ping_status":"closed","sticky":false,"template":"","format":"standard","meta":{"_bbp_topic_count":0,"_bbp_reply_count":0,"_bbp_total_topic_count":0,"_bbp_total_reply_count":0,"_bbp_voice_count":0,"_bbp_anonymous_reply_count":0,"_bbp_topic_count_hidden":0,"_bbp_reply_count_hidden":0,"_bbp_forum_subforum_count":0,"footnotes":""},"categories":[4],"tags":[],"class_list":["post-4532","post","type-post","status-publish","format-standard","hentry","category-portada"],"post_mailing_queue_ids":[],"_links":{"self":[{"href":"https:\/\/agora.xtec.cat\/escolamestralvilanova\/wp-json\/wp\/v2\/posts\/4532","targetHints":{"allow":["GET"]}}],"collection":[{"href":"https:\/\/agora.xtec.cat\/escolamestralvilanova\/wp-json\/wp\/v2\/posts"}],"about":[{"href":"https:\/\/agora.xtec.cat\/escolamestralvilanova\/wp-json\/wp\/v2\/types\/post"}],"author":[{"embeddable":true,"href":"https:\/\/agora.xtec.cat\/escolamestralvilanova\/wp-json\/wp\/v2\/users\/1"}],"replies":[{"embeddable":true,"href":"https:\/\/agora.xtec.cat\/escolamestralvilanova\/wp-json\/wp\/v2\/comments?post=4532"}],"version-history":[{"count":1,"href":"https:\/\/agora.xtec.cat\/escolamestralvilanova\/wp-json\/wp\/v2\/posts\/4532\/revisions"}],"predecessor-version":[{"id":4534,"href":"https:\/\/agora.xtec.cat\/escolamestralvilanova\/wp-json\/wp\/v2\/posts\/4532\/revisions\/4534"}],"wp:attachment":[{"href":"https:\/\/agora.xtec.cat\/escolamestralvilanova\/wp-json\/wp\/v2\/media?parent=4532"}],"wp:term":[{"taxonomy":"category","embeddable":true,"href":"https:\/\/agora.xtec.cat\/escolamestralvilanova\/wp-json\/wp\/v2\/categories?post=4532"},{"taxonomy":"post_tag","embeddable":true,"href":"https:\/\/agora.xtec.cat\/escolamestralvilanova\/wp-json\/wp\/v2\/tags?post=4532"}],"curies":[{"name":"wp","href":"https:\/\/api.w.org\/{rel}","templated":true}]}}