{"id":4519,"date":"2021-01-28T09:25:49","date_gmt":"2021-01-28T08:25:49","guid":{"rendered":"http:\/\/agora.xtec.cat\/escolamestralvilanova\/?p=4519"},"modified":"2021-01-28T09:26:23","modified_gmt":"2021-01-28T08:26:23","slug":"taller-de-escritura-creativa-con-gianni-rodari","status":"publish","type":"post","link":"https:\/\/agora.xtec.cat\/escolamestralvilanova\/general\/taller-de-escritura-creativa-con-gianni-rodari\/","title":{"rendered":"TALLER DE ESCRITURA CREATIVA CON GIANNI RODARI"},"content":{"rendered":"<p>Estas semanas los alumnos de quinto hemos descubierto al escritor Gianni Rodari.<br \/>\nTambi\u00e9n hemos aprendido algunas de sus t\u00e9cnicas creativas y le\u00eddo sus divertidos &#8220;cuentos por tel\u00e9fono&#8221;.<\/p>\n<p>Para finalizar el taller, hemos inventado algunos cuentos que pod\u00e9is escuchar.<br \/>\n!Esperemos que os gusten!<\/p>\n<ul>\n<li><a href=\"https:\/\/agora.xtec.cat\/escolamestralvilanova\/wp-content\/uploads\/usu729\/2021\/01\/cuento-Ona.mp3\">ENLLA\u00c7 AL CONTE ONA<\/a><\/li>\n<li><a href=\"https:\/\/agora.xtec.cat\/escolamestralvilanova\/wp-content\/uploads\/usu729\/2021\/01\/cuento-Jan.mp3\">ENLLA\u00c7 AL CONTE JAN<\/a><\/li>\n<li><a href=\"https:\/\/agora.xtec.cat\/escolamestralvilanova\/wp-content\/uploads\/usu729\/2021\/01\/cuento-Aleix.mp3\">ENLLA\u00c7 AL CONTE ALEIX<\/a><\/li>\n<li><a href=\"https:\/\/agora.xtec.cat\/escolamestralvilanova\/wp-content\/uploads\/usu729\/2021\/01\/cuento-N\u00faria.mp3\">ENLLA\u00c7 CONTE N\u00daRIA<\/a><\/li>\n<li><a href=\"https:\/\/agora.xtec.cat\/escolamestralvilanova\/wp-content\/uploads\/usu729\/2021\/01\/cuento-Jordi.mp3\">ENLLA\u00c7 CONTE JORDI<\/a><\/li>\n<li><a href=\"https:\/\/agora.xtec.cat\/escolamestralvilanova\/wp-content\/uploads\/usu729\/2021\/01\/cuento-Sara.mp3\">ENLLA\u00c7 CONTE SARA<\/a><\/li>\n<\/ul>\n<p><a href=\"https:\/\/agora.xtec.cat\/escolamestralvilanova\/wp-content\/uploads\/usu729\/2021\/01\/Diapositiva1.jpg\"><img loading=\"lazy\" decoding=\"async\" class=\"alignnone size-large wp-image-4530\" src=\"https:\/\/agora.xtec.cat\/escolamestralvilanova\/wp-content\/uploads\/usu729\/2021\/01\/Diapositiva1-1024x576.jpg\" alt=\"\" width=\"1024\" height=\"576\" srcset=\"https:\/\/agora.xtec.cat\/escolamestralvilanova\/wp-content\/uploads\/usu729\/2021\/01\/Diapositiva1-1024x576.jpg 1024w, https:\/\/agora.xtec.cat\/escolamestralvilanova\/wp-content\/uploads\/usu729\/2021\/01\/Diapositiva1-300x169.jpg 300w, https:\/\/agora.xtec.cat\/escolamestralvilanova\/wp-content\/uploads\/usu729\/2021\/01\/Diapositiva1-768x432.jpg 768w, https:\/\/agora.xtec.cat\/escolamestralvilanova\/wp-content\/uploads\/usu729\/2021\/01\/Diapositiva1.jpg 1280w\" sizes=\"auto, (max-width: 1024px) 100vw, 1024px\" \/><\/a><\/p>\n","protected":false},"excerpt":{"rendered":"<p>Estas semanas los alumnos de quinto hemos descubierto al escritor Gianni Rodari.<br \/>\nTambi\u00e9n hemos aprendido algunas de sus t\u00e9cnicas creativas y le\u00eddo sus divertidos &#8220;cuentos por tel\u00e9fono&#8221;.<br \/>\nPara finalizar el taller, hemos inventado algunos cuentos que pod\u00e9is escuchar.<br \/>\n!Esperemos que os gusten!<\/p>\n<ul>\n<li><a href=\"https:\/\/agora.xtec.cat\/escolamestralvilanova\/wp-content\/uploads\/usu729\/2021\/01\/cuento-Ona.mp3\">ENLLA\u00c7 AL CONTE ONA<\/a><\/li>\n<li><a href=\"https:\/\/agora.xtec.cat\/escolamestralvilanova\/wp-content\/uploads\/usu729\/2021\/01\/cuento-Jan.mp3\">ENLLA\u00c7 AL&hellip;  <a href=\"https:\/\/agora.xtec.cat\/escolamestralvilanova\/general\/taller-de-escritura-creativa-con-gianni-rodari\/\" title=\"Read TALLER DE ESCRITURA CREATIVA CON GIANNI RODARI\">Llegeix m\u00e9s\u00bb<\/a><br \/>\n","protected":false},"author":6,"featured_media":0,"comment_status":"open","ping_status":"closed","sticky":false,"template":"","format":"standard","meta":{"_bbp_topic_count":0,"_bbp_reply_count":0,"_bbp_total_topic_count":0,"_bbp_total_reply_count":0,"_bbp_voice_count":0,"_bbp_anonymous_reply_count":0,"_bbp_topic_count_hidden":0,"_bbp_reply_count_hidden":0,"_bbp_forum_subforum_count":0,"footnotes":""},"categories":[13,1,4,5],"tags":[],"class_list":["post-4519","post","type-post","status-publish","format-standard","hentry","category-cinque","category-general","category-portada","category-primaria"],"post_mailing_queue_ids":[],"_links":{"self":[{"href":"https:\/\/agora.xtec.cat\/escolamestralvilanova\/wp-json\/wp\/v2\/posts\/4519","targetHints":{"allow":["GET"]}}],"collection":[{"href":"https:\/\/agora.xtec.cat\/escolamestralvilanova\/wp-json\/wp\/v2\/posts"}],"about":[{"href":"https:\/\/agora.xtec.cat\/escolamestralvilanova\/wp-json\/wp\/v2\/types\/post"}],"author":[{"embeddable":true,"href":"https:\/\/agora.xtec.cat\/escolamestralvilanova\/wp-json\/wp\/v2\/users\/6"}],"replies":[{"embeddable":true,"href":"https:\/\/agora.xtec.cat\/escolamestralvilanova\/wp-json\/wp\/v2\/comments?post=4519"}],"version-history":[{"count":2,"href":"https:\/\/agora.xtec.cat\/escolamestralvilanova\/wp-json\/wp\/v2\/posts\/4519\/revisions"}],"predecessor-version":[{"id":4531,"href":"https:\/\/agora.xtec.cat\/escolamestralvilanova\/wp-json\/wp\/v2\/posts\/4519\/revisions\/4531"}],"wp:attachment":[{"href":"https:\/\/agora.xtec.cat\/escolamestralvilanova\/wp-json\/wp\/v2\/media?parent=4519"}],"wp:term":[{"taxonomy":"category","embeddable":true,"href":"https:\/\/agora.xtec.cat\/escolamestralvilanova\/wp-json\/wp\/v2\/categories?post=4519"},{"taxonomy":"post_tag","embeddable":true,"href":"https:\/\/agora.xtec.cat\/escolamestralvilanova\/wp-json\/wp\/v2\/tags?post=4519"}],"curies":[{"name":"wp","href":"https:\/\/api.w.org\/{rel}","templated":true}]}}