{"id":4497,"date":"2021-01-26T11:03:37","date_gmt":"2021-01-26T10:03:37","guid":{"rendered":"http:\/\/agora.xtec.cat\/escolamestralvilanova\/?p=4497"},"modified":"2021-01-26T11:03:43","modified_gmt":"2021-01-26T10:03:43","slug":"decobrim-un-invent-proper-el-submari","status":"publish","type":"post","link":"https:\/\/agora.xtec.cat\/escolamestralvilanova\/portada\/decobrim-un-invent-proper-el-submari\/","title":{"rendered":"DECOBRIM UN  INVENT PROPER: EL SUBMAR\u00cd!"},"content":{"rendered":"<p>El proper 11 de febrer \u00e9s el dia de la dona cient\u00edfica. Com ja es tradici\u00f3, cada any a l&#8217;escola per aquesta data celebrem la Setmana de la Ci\u00e8ncia.<\/p>\n<p>Aquest curs treballarem invents que han descobert inventors o inventores catalanes.<\/p>\n<p>A l&#8217;aula de primer hem triat el submar\u00ed. Avui hem\u00a0 iniciat el treball d&#8217;aquest centre d&#8217;inter\u00e8s a partir del qual aprendrem moltes coses noves: la biografia de Narc\u00eds Monturiol, la hist\u00f2ria del primer submar\u00ed, la flotabilitat dels materials, perqu\u00e8 emergeixen i se submergeixen els submarins, construirem el nostre propi submar\u00ed, els submarins a la literatura&#8230; I moltes coses m\u00e9s!<\/p>\n<p>Estem molt engrescats i amb moltes ganes d&#8217;aprendre!<\/p>\n<ul>\n<li><a href=\"https:\/\/photos.app.goo.gl\/TNVRMbqm5hGXcUgs6\">ENLLA\u00c7 A LES FOTOGRAFIES<\/a><\/li>\n<\/ul>\n<p><a href=\"https:\/\/agora.xtec.cat\/escolamestralvilanova\/wp-content\/uploads\/usu729\/2021\/01\/IMG-5897.jpg\"><img loading=\"lazy\" decoding=\"async\" class=\"wp-image-4498 size-large aligncenter\" src=\"https:\/\/agora.xtec.cat\/escolamestralvilanova\/wp-content\/uploads\/usu729\/2021\/01\/IMG-5897-714x1024.jpg\" alt=\"\" width=\"714\" height=\"1024\" srcset=\"https:\/\/agora.xtec.cat\/escolamestralvilanova\/wp-content\/uploads\/usu729\/2021\/01\/IMG-5897-714x1024.jpg 714w, https:\/\/agora.xtec.cat\/escolamestralvilanova\/wp-content\/uploads\/usu729\/2021\/01\/IMG-5897-209x300.jpg 209w, https:\/\/agora.xtec.cat\/escolamestralvilanova\/wp-content\/uploads\/usu729\/2021\/01\/IMG-5897-768x1101.jpg 768w, https:\/\/agora.xtec.cat\/escolamestralvilanova\/wp-content\/uploads\/usu729\/2021\/01\/IMG-5897.jpg 1197w\" sizes=\"auto, (max-width: 714px) 100vw, 714px\" \/><\/a><\/p>\n","protected":false},"excerpt":{"rendered":"<p>El proper 11 de febrer \u00e9s el dia de la dona cient\u00edfica. Com ja es tradici\u00f3, cada any a l&#8217;escola per aquesta data celebrem la Setmana de la Ci\u00e8ncia.<br \/>\nAquest curs treballarem invents que han descobert inventors o inventores catalanes.<br \/>\nA l&#8217;aula de primer hem triat el&hellip;  <a href=\"https:\/\/agora.xtec.cat\/escolamestralvilanova\/portada\/decobrim-un-invent-proper-el-submari\/\" title=\"Read DECOBRIM UN  INVENT PROPER: EL SUBMAR\u00cd!\">Llegeix m\u00e9s\u00bb<\/a><\/p>\n","protected":false},"author":6,"featured_media":0,"comment_status":"open","ping_status":"closed","sticky":false,"template":"","format":"standard","meta":{"_bbp_topic_count":0,"_bbp_reply_count":0,"_bbp_total_topic_count":0,"_bbp_total_reply_count":0,"_bbp_voice_count":0,"_bbp_anonymous_reply_count":0,"_bbp_topic_count_hidden":0,"_bbp_reply_count_hidden":0,"_bbp_forum_subforum_count":0,"footnotes":""},"categories":[10,4,5],"tags":[],"class_list":["post-4497","post","type-post","status-publish","format-standard","hentry","category-ei5-primer","category-portada","category-primaria"],"post_mailing_queue_ids":[],"_links":{"self":[{"href":"https:\/\/agora.xtec.cat\/escolamestralvilanova\/wp-json\/wp\/v2\/posts\/4497","targetHints":{"allow":["GET"]}}],"collection":[{"href":"https:\/\/agora.xtec.cat\/escolamestralvilanova\/wp-json\/wp\/v2\/posts"}],"about":[{"href":"https:\/\/agora.xtec.cat\/escolamestralvilanova\/wp-json\/wp\/v2\/types\/post"}],"author":[{"embeddable":true,"href":"https:\/\/agora.xtec.cat\/escolamestralvilanova\/wp-json\/wp\/v2\/users\/6"}],"replies":[{"embeddable":true,"href":"https:\/\/agora.xtec.cat\/escolamestralvilanova\/wp-json\/wp\/v2\/comments?post=4497"}],"version-history":[{"count":1,"href":"https:\/\/agora.xtec.cat\/escolamestralvilanova\/wp-json\/wp\/v2\/posts\/4497\/revisions"}],"predecessor-version":[{"id":4499,"href":"https:\/\/agora.xtec.cat\/escolamestralvilanova\/wp-json\/wp\/v2\/posts\/4497\/revisions\/4499"}],"wp:attachment":[{"href":"https:\/\/agora.xtec.cat\/escolamestralvilanova\/wp-json\/wp\/v2\/media?parent=4497"}],"wp:term":[{"taxonomy":"category","embeddable":true,"href":"https:\/\/agora.xtec.cat\/escolamestralvilanova\/wp-json\/wp\/v2\/categories?post=4497"},{"taxonomy":"post_tag","embeddable":true,"href":"https:\/\/agora.xtec.cat\/escolamestralvilanova\/wp-json\/wp\/v2\/tags?post=4497"}],"curies":[{"name":"wp","href":"https:\/\/api.w.org\/{rel}","templated":true}]}}