{"id":4495,"date":"2021-01-27T09:58:33","date_gmt":"2021-01-27T08:58:33","guid":{"rendered":"http:\/\/agora.xtec.cat\/escolamestralvilanova\/?p=4495"},"modified":"2021-01-27T09:58:57","modified_gmt":"2021-01-27T08:58:57","slug":"seguim-amb-els-tallers","status":"publish","type":"post","link":"https:\/\/agora.xtec.cat\/escolamestralvilanova\/general\/seguim-amb-els-tallers\/","title":{"rendered":"SEGUIM AMB ELS TALLERS"},"content":{"rendered":"<p style=\"text-align: justify;\">Comen\u00e7at el segon trimestre, els nens i nenes de sis\u00e8 continuem amb els tallers matem\u00e0tics.<\/p>\n<p style=\"text-align: justify;\">Durant aquestes setmanes estem finalitzant els tallers del primer trimestre, per\u00f2 ben aviat introduirem de nous.<\/p>\n<ul>\n<li><a href=\"https:\/\/photos.google.com\/share\/AF1QipPNAK0HFz92FXytiHzgjjuA7AcS9zzB-jpFP214xxkKkT9cleihKHQdpwZjmBbCRA?key=VDY2MW5Ba01rWjFJdklQdHBzdmN5aWpSNWhXaDJB\">ARQUITECTURA<\/a><\/li>\n<li><a href=\"https:\/\/photos.google.com\/share\/AF1QipPNAK0HFz92FXytiHzgjjuA7AcS9zzB-jpFP214xxkKkT9cleihKHQdpwZjmBbCRA?key=VDY2MW5Ba01rWjFJdklQdHBzdmN5aWpSNWhXaDJB\">ANEM AL MERCAT<\/a><\/li>\n<li><a href=\"https:\/\/photos.google.com\/share\/AF1QipOybQ7Bg2NY1gbqtPo1FEGC7H1bFKQJKOhiM2-B0c8tCPxj83NZ_3dYs1N2GS6dJQ?key=Z0pKeTQ0TFNsUVByTHVVQmVtWkJNd1lEcWhQMkR3\">ROB\u00d2TICA<\/a><\/li>\n<li><a href=\"https:\/\/photos.google.com\/share\/AF1QipPhureaCGFxaQT5JaLmibaUu2CrsmeUJ0V6ZeGNMOcHYqe5d_XEWS4yVxNhF1NedQ?key=VXNLT0UzZmppY3M4cGNDNkxfeF9IbEw3RjNTV293\">MATERIALS MONTESSORI<\/a><\/li>\n<\/ul>\n<p><img loading=\"lazy\" decoding=\"async\" class=\"alignnone size-medium wp-image-4508\" src=\"https:\/\/agora.xtec.cat\/escolamestralvilanova\/wp-content\/uploads\/usu729\/2021\/01\/unnamed-300x300.jpg\" alt=\"\" width=\"300\" height=\"300\" srcset=\"https:\/\/agora.xtec.cat\/escolamestralvilanova\/wp-content\/uploads\/usu729\/2021\/01\/unnamed-300x300.jpg 300w, https:\/\/agora.xtec.cat\/escolamestralvilanova\/wp-content\/uploads\/usu729\/2021\/01\/unnamed-150x150.jpg 150w, https:\/\/agora.xtec.cat\/escolamestralvilanova\/wp-content\/uploads\/usu729\/2021\/01\/unnamed-768x768.jpg 768w, https:\/\/agora.xtec.cat\/escolamestralvilanova\/wp-content\/uploads\/usu729\/2021\/01\/unnamed-1024x1024.jpg 1024w, https:\/\/agora.xtec.cat\/escolamestralvilanova\/wp-content\/uploads\/usu729\/2021\/01\/unnamed.jpg 1800w\" sizes=\"auto, (max-width: 300px) 100vw, 300px\" \/><\/p>\n","protected":false},"excerpt":{"rendered":"<p>Comen\u00e7at el segon trimestre, els nens i nenes de sis\u00e8 continuem amb els tallers matem\u00e0tics.<br \/>\nDurant aquestes setmanes estem finalitzant els tallers del primer trimestre, per\u00f2 ben aviat introduirem de nous.<\/p>\n<ul>\n<li><a href=\"https:\/\/photos.google.com\/share\/AF1QipPNAK0HFz92FXytiHzgjjuA7AcS9zzB-jpFP214xxkKkT9cleihKHQdpwZjmBbCRA?key=VDY2MW5Ba01rWjFJdklQdHBzdmN5aWpSNWhXaDJB\">ARQUITECTURA<\/a><\/li>\n<li><a href=\"https:\/\/photos.google.com\/share\/AF1QipPNAK0HFz92FXytiHzgjjuA7AcS9zzB-jpFP214xxkKkT9cleihKHQdpwZjmBbCRA?key=VDY2MW5Ba01rWjFJdklQdHBzdmN5aWpSNWhXaDJB\">ANEM AL MERCAT<\/a><\/li>\n<li><a href=\"https:\/\/photos.google.com\/share\/AF1QipOybQ7Bg2NY1gbqtPo1FEGC7H1bFKQJKOhiM2-B0c8tCPxj83NZ_3dYs1N2GS6dJQ?key=Z0pKeTQ0TFNsUVByTHVVQmVtWkJNd1lEcWhQMkR3\">ROB\u00d2TICA<\/a><\/li>\n<li><a href=\"https:\/\/photos.google.com\/share\/AF1QipPhureaCGFxaQT5JaLmibaUu2CrsmeUJ0V6ZeGNMOcHYqe5d_XEWS4yVxNhF1NedQ?key=VXNLT0UzZmppY3M4cGNDNkxfeF9IbEw3RjNTV293\">MATERIALS MONTESSORI<\/a><\/li>\n<\/ul>\n","protected":false},"author":1,"featured_media":0,"comment_status":"open","ping_status":"closed","sticky":false,"template":"","format":"standard","meta":{"_bbp_topic_count":0,"_bbp_reply_count":0,"_bbp_total_topic_count":0,"_bbp_total_reply_count":0,"_bbp_voice_count":0,"_bbp_anonymous_reply_count":0,"_bbp_topic_count_hidden":0,"_bbp_reply_count_hidden":0,"_bbp_forum_subforum_count":0,"footnotes":""},"categories":[15,1,4,5],"tags":[],"class_list":["post-4495","post","type-post","status-publish","format-standard","hentry","category-cicle-superior","category-general","category-portada","category-primaria"],"post_mailing_queue_ids":[],"_links":{"self":[{"href":"https:\/\/agora.xtec.cat\/escolamestralvilanova\/wp-json\/wp\/v2\/posts\/4495","targetHints":{"allow":["GET"]}}],"collection":[{"href":"https:\/\/agora.xtec.cat\/escolamestralvilanova\/wp-json\/wp\/v2\/posts"}],"about":[{"href":"https:\/\/agora.xtec.cat\/escolamestralvilanova\/wp-json\/wp\/v2\/types\/post"}],"author":[{"embeddable":true,"href":"https:\/\/agora.xtec.cat\/escolamestralvilanova\/wp-json\/wp\/v2\/users\/1"}],"replies":[{"embeddable":true,"href":"https:\/\/agora.xtec.cat\/escolamestralvilanova\/wp-json\/wp\/v2\/comments?post=4495"}],"version-history":[{"count":3,"href":"https:\/\/agora.xtec.cat\/escolamestralvilanova\/wp-json\/wp\/v2\/posts\/4495\/revisions"}],"predecessor-version":[{"id":4510,"href":"https:\/\/agora.xtec.cat\/escolamestralvilanova\/wp-json\/wp\/v2\/posts\/4495\/revisions\/4510"}],"wp:attachment":[{"href":"https:\/\/agora.xtec.cat\/escolamestralvilanova\/wp-json\/wp\/v2\/media?parent=4495"}],"wp:term":[{"taxonomy":"category","embeddable":true,"href":"https:\/\/agora.xtec.cat\/escolamestralvilanova\/wp-json\/wp\/v2\/categories?post=4495"},{"taxonomy":"post_tag","embeddable":true,"href":"https:\/\/agora.xtec.cat\/escolamestralvilanova\/wp-json\/wp\/v2\/tags?post=4495"}],"curies":[{"name":"wp","href":"https:\/\/api.w.org\/{rel}","templated":true}]}}