{"id":4483,"date":"2021-01-25T17:57:43","date_gmt":"2021-01-25T16:57:43","guid":{"rendered":"http:\/\/agora.xtec.cat\/escolamestralvilanova\/?p=4483"},"modified":"2021-01-25T17:58:08","modified_gmt":"2021-01-25T16:58:08","slug":"mes-experiencies-en-familia","status":"publish","type":"post","link":"https:\/\/agora.xtec.cat\/escolamestralvilanova\/infantil\/mes-experiencies-en-familia\/","title":{"rendered":"M\u00c9S EXPERI\u00c8NCIES EN FAM\u00cdLIA"},"content":{"rendered":"<p style=\"text-align: justify;\">El dilluns passat la Lilith ens va portar un dibuix que va fer el cap de setmana amb la seva fam\u00edlia on ens va explicar qui era cada membre! <img decoding=\"async\" class=\"CToWUd\" src=\"https:\/\/mail.google.com\/mail\/e\/1f3a8\" alt=\"\ud83c\udfa8\" data-goomoji=\"1f3a8\" data-image-whitelisted=\"\" \/><br \/>\nAvui hem vist unes fotos al projector del cap de setmana del Pau a la granja del seu pare, on hi va veure vedells petits, vaques grans, i tamb\u00e9 gallines, de les quals va recollir ous amb els que hem experimentat avui a l&#8217;aula!\u00a0<img decoding=\"async\" class=\"CToWUd\" src=\"https:\/\/mail.google.com\/mail\/e\/1f413\" alt=\"\ud83d\udc13\" data-goomoji=\"1f413\" data-image-whitelisted=\"\" \/>\ud83e\udd5a<br \/>\nGr\u00e0cies fam\u00edlies!<\/p>\n<ul>\n<li><a href=\"https:\/\/photos.app.goo.gl\/9MJbbV7rMF3BBe7h8\">ENLLA\u00c7 A LES FOTOGRAFIES<\/a><\/li>\n<\/ul>\n<p><a href=\"https:\/\/photos.app.goo.gl\/9MJbbV7rMF3BBe7h8\"><img loading=\"lazy\" decoding=\"async\" class=\"alignnone size-medium wp-image-4484\" src=\"https:\/\/agora.xtec.cat\/escolamestralvilanova\/wp-content\/uploads\/usu729\/2021\/01\/IMG-20210125-WA0006-225x300.jpg\" alt=\"\" width=\"225\" height=\"300\" srcset=\"https:\/\/agora.xtec.cat\/escolamestralvilanova\/wp-content\/uploads\/usu729\/2021\/01\/IMG-20210125-WA0006-225x300.jpg 225w, https:\/\/agora.xtec.cat\/escolamestralvilanova\/wp-content\/uploads\/usu729\/2021\/01\/IMG-20210125-WA0006-768x1024.jpg 768w, https:\/\/agora.xtec.cat\/escolamestralvilanova\/wp-content\/uploads\/usu729\/2021\/01\/IMG-20210125-WA0006.jpg 1200w\" sizes=\"auto, (max-width: 225px) 100vw, 225px\" \/><\/a><\/p>\n","protected":false},"excerpt":{"rendered":"<p>El dilluns passat la Lilith ens va portar un dibuix que va fer el cap de setmana amb la seva fam\u00edlia on ens va explicar qui era cada membre!<br \/>\nAvui hem vist unes fotos al projector del cap de setmana del Pau a la granja&hellip;  <a href=\"https:\/\/agora.xtec.cat\/escolamestralvilanova\/infantil\/mes-experiencies-en-familia\/\" title=\"Read M\u00c9S EXPERI\u00c8NCIES EN FAM\u00cdLIA\">Llegeix m\u00e9s\u00bb<\/a><\/p>\n","protected":false},"author":1,"featured_media":0,"comment_status":"open","ping_status":"closed","sticky":false,"template":"","format":"standard","meta":{"_bbp_topic_count":0,"_bbp_reply_count":0,"_bbp_total_topic_count":0,"_bbp_total_reply_count":0,"_bbp_voice_count":0,"_bbp_anonymous_reply_count":0,"_bbp_topic_count_hidden":0,"_bbp_reply_count_hidden":0,"_bbp_forum_subforum_count":0,"footnotes":""},"categories":[14,59,2,4],"tags":[],"class_list":["post-4483","post","type-post","status-publish","format-standard","hentry","category-ei1-ei2","category-primer-cicle-ed-infantil","category-infantil","category-portada"],"post_mailing_queue_ids":[],"_links":{"self":[{"href":"https:\/\/agora.xtec.cat\/escolamestralvilanova\/wp-json\/wp\/v2\/posts\/4483","targetHints":{"allow":["GET"]}}],"collection":[{"href":"https:\/\/agora.xtec.cat\/escolamestralvilanova\/wp-json\/wp\/v2\/posts"}],"about":[{"href":"https:\/\/agora.xtec.cat\/escolamestralvilanova\/wp-json\/wp\/v2\/types\/post"}],"author":[{"embeddable":true,"href":"https:\/\/agora.xtec.cat\/escolamestralvilanova\/wp-json\/wp\/v2\/users\/1"}],"replies":[{"embeddable":true,"href":"https:\/\/agora.xtec.cat\/escolamestralvilanova\/wp-json\/wp\/v2\/comments?post=4483"}],"version-history":[{"count":2,"href":"https:\/\/agora.xtec.cat\/escolamestralvilanova\/wp-json\/wp\/v2\/posts\/4483\/revisions"}],"predecessor-version":[{"id":4486,"href":"https:\/\/agora.xtec.cat\/escolamestralvilanova\/wp-json\/wp\/v2\/posts\/4483\/revisions\/4486"}],"wp:attachment":[{"href":"https:\/\/agora.xtec.cat\/escolamestralvilanova\/wp-json\/wp\/v2\/media?parent=4483"}],"wp:term":[{"taxonomy":"category","embeddable":true,"href":"https:\/\/agora.xtec.cat\/escolamestralvilanova\/wp-json\/wp\/v2\/categories?post=4483"},{"taxonomy":"post_tag","embeddable":true,"href":"https:\/\/agora.xtec.cat\/escolamestralvilanova\/wp-json\/wp\/v2\/tags?post=4483"}],"curies":[{"name":"wp","href":"https:\/\/api.w.org\/{rel}","templated":true}]}}