{"id":4475,"date":"2021-01-22T11:52:25","date_gmt":"2021-01-22T10:52:25","guid":{"rendered":"http:\/\/agora.xtec.cat\/escolamestralvilanova\/?p=4475"},"modified":"2021-01-22T11:52:32","modified_gmt":"2021-01-22T10:52:32","slug":"manipulem","status":"publish","type":"post","link":"https:\/\/agora.xtec.cat\/escolamestralvilanova\/general\/manipulem\/","title":{"rendered":"MANIPULEM!"},"content":{"rendered":"<p>Els infants de primer treballem a diari la nostra autonomia.<\/p>\n<p>A trav\u00e9s de diversos materials matem\u00e0tics i la seva manipulaci\u00f3 aprenem molts aspectes matem\u00e0tics i en fem un aprenentatge significatiu. Podem triar el material i desenvolupar-lo i aix\u00f2 ens encanta i ens motiva.<\/p>\n<p>Estem aprenent molt!<\/p>\n<ul>\n<li><a href=\"https:\/\/photos.app.goo.gl\/9TRtmJH233sknVUm6\">ENLLA\u00c7 A LES FOTOGRAFIES<\/a><\/li>\n<\/ul>\n<p><a href=\"https:\/\/agora.xtec.cat\/escolamestralvilanova\/wp-content\/uploads\/usu729\/2021\/01\/IMG-5818.jpg\"><img loading=\"lazy\" decoding=\"async\" class=\"wp-image-4476 size-medium aligncenter\" src=\"https:\/\/agora.xtec.cat\/escolamestralvilanova\/wp-content\/uploads\/usu729\/2021\/01\/IMG-5818-200x300.jpg\" alt=\"\" width=\"200\" height=\"300\" srcset=\"https:\/\/agora.xtec.cat\/escolamestralvilanova\/wp-content\/uploads\/usu729\/2021\/01\/IMG-5818-200x300.jpg 200w, https:\/\/agora.xtec.cat\/escolamestralvilanova\/wp-content\/uploads\/usu729\/2021\/01\/IMG-5818-768x1151.jpg 768w, https:\/\/agora.xtec.cat\/escolamestralvilanova\/wp-content\/uploads\/usu729\/2021\/01\/IMG-5818-683x1024.jpg 683w, https:\/\/agora.xtec.cat\/escolamestralvilanova\/wp-content\/uploads\/usu729\/2021\/01\/IMG-5818.jpg 1201w\" sizes=\"auto, (max-width: 200px) 100vw, 200px\" \/><\/a><\/p>\n","protected":false},"excerpt":{"rendered":"<p>Els infants de primer treballem a diari la nostra autonomia.<br \/>\nA trav\u00e9s de diversos materials matem\u00e0tics i la seva manipulaci\u00f3 aprenem molts aspectes matem\u00e0tics i en fem un aprenentatge significatiu. Podem triar el material i desenvolupar-lo i aix\u00f2 ens encanta i ens motiva.<br \/>\nEstem aprenent molt!<\/p>\n<ul>\n<li><a href=\"https:\/\/photos.app.goo.gl\/9TRtmJH233sknVUm6\">ENLLA\u00c7&hellip;  <a href=\"https:\/\/agora.xtec.cat\/escolamestralvilanova\/general\/manipulem\/\" title=\"Read MANIPULEM!\">Llegeix m\u00e9s\u00bb<\/a><br \/>\n","protected":false},"author":6,"featured_media":0,"comment_status":"open","ping_status":"closed","sticky":false,"template":"","format":"standard","meta":{"_bbp_topic_count":0,"_bbp_reply_count":0,"_bbp_total_topic_count":0,"_bbp_total_reply_count":0,"_bbp_voice_count":0,"_bbp_anonymous_reply_count":0,"_bbp_topic_count_hidden":0,"_bbp_reply_count_hidden":0,"_bbp_forum_subforum_count":0,"footnotes":""},"categories":[10,1,4,5],"tags":[],"class_list":["post-4475","post","type-post","status-publish","format-standard","hentry","category-ei5-primer","category-general","category-portada","category-primaria"],"post_mailing_queue_ids":[],"_links":{"self":[{"href":"https:\/\/agora.xtec.cat\/escolamestralvilanova\/wp-json\/wp\/v2\/posts\/4475","targetHints":{"allow":["GET"]}}],"collection":[{"href":"https:\/\/agora.xtec.cat\/escolamestralvilanova\/wp-json\/wp\/v2\/posts"}],"about":[{"href":"https:\/\/agora.xtec.cat\/escolamestralvilanova\/wp-json\/wp\/v2\/types\/post"}],"author":[{"embeddable":true,"href":"https:\/\/agora.xtec.cat\/escolamestralvilanova\/wp-json\/wp\/v2\/users\/6"}],"replies":[{"embeddable":true,"href":"https:\/\/agora.xtec.cat\/escolamestralvilanova\/wp-json\/wp\/v2\/comments?post=4475"}],"version-history":[{"count":2,"href":"https:\/\/agora.xtec.cat\/escolamestralvilanova\/wp-json\/wp\/v2\/posts\/4475\/revisions"}],"predecessor-version":[{"id":4479,"href":"https:\/\/agora.xtec.cat\/escolamestralvilanova\/wp-json\/wp\/v2\/posts\/4475\/revisions\/4479"}],"wp:attachment":[{"href":"https:\/\/agora.xtec.cat\/escolamestralvilanova\/wp-json\/wp\/v2\/media?parent=4475"}],"wp:term":[{"taxonomy":"category","embeddable":true,"href":"https:\/\/agora.xtec.cat\/escolamestralvilanova\/wp-json\/wp\/v2\/categories?post=4475"},{"taxonomy":"post_tag","embeddable":true,"href":"https:\/\/agora.xtec.cat\/escolamestralvilanova\/wp-json\/wp\/v2\/tags?post=4475"}],"curies":[{"name":"wp","href":"https:\/\/api.w.org\/{rel}","templated":true}]}}