{"id":4465,"date":"2021-01-20T19:54:22","date_gmt":"2021-01-20T18:54:22","guid":{"rendered":"http:\/\/agora.xtec.cat\/escolamestralvilanova\/?p=4465"},"modified":"2021-01-20T19:54:29","modified_gmt":"2021-01-20T18:54:29","slug":"ambient-dels-metges","status":"publish","type":"post","link":"https:\/\/agora.xtec.cat\/escolamestralvilanova\/infantil\/ambient-dels-metges\/","title":{"rendered":"AMBIENT DELS METGES"},"content":{"rendered":"<p style=\"text-align: justify;\">Aquest mat\u00ed a l&#8217;escoleta hem recreat la feina del personal sanitari amb el material que ens van portar els Reis: un malet\u00ed amb totes les eines que ells utilitzen i altres elements reals (un fonendoscopi, venes, mascaretes, medicaments &#8230;).<\/p>\n<p style=\"text-align: justify;\">Tamb\u00e9 ens hem posat bates de metges i infermers i altres han fet de paciens!<br \/>\nCom ens ha agradat jugar-hi, hem apr\u00e8s moltes coses d&#8217;aquesta professi\u00f3 tant necess\u00e0ria! <img decoding=\"async\" class=\"CToWUd\" src=\"https:\/\/mail.google.com\/mail\/e\/1f469\" alt=\"\ud83d\udc69\" data-goomoji=\"1f469\" data-image-whitelisted=\"\" \/>\u200d\u2695\ufe0f<img decoding=\"async\" class=\"CToWUd\" src=\"https:\/\/mail.google.com\/mail\/e\/1f489\" alt=\"\ud83d\udc89\" data-goomoji=\"1f489\" data-image-whitelisted=\"\" \/><img decoding=\"async\" class=\"CToWUd\" src=\"https:\/\/mail.google.com\/mail\/e\/1f3e5\" alt=\"\ud83c\udfe5\" data-goomoji=\"1f3e5\" data-image-whitelisted=\"\" \/><\/p>\n<ul>\n<li><a href=\"https:\/\/photos.app.goo.gl\/xsxfnCrixiGF5Ffc8\">ENLLA\u00c7 A LES FOTOGRAFIES<\/a><\/li>\n<\/ul>\n<p><a href=\"https:\/\/photos.app.goo.gl\/xsxfnCrixiGF5Ffc8\"><img loading=\"lazy\" decoding=\"async\" class=\"alignnone size-medium wp-image-4466\" src=\"https:\/\/agora.xtec.cat\/escolamestralvilanova\/wp-content\/uploads\/usu729\/2021\/01\/IMG_20210120_102327-300x300.jpg\" alt=\"\" width=\"300\" height=\"300\" srcset=\"https:\/\/agora.xtec.cat\/escolamestralvilanova\/wp-content\/uploads\/usu729\/2021\/01\/IMG_20210120_102327-300x300.jpg 300w, https:\/\/agora.xtec.cat\/escolamestralvilanova\/wp-content\/uploads\/usu729\/2021\/01\/IMG_20210120_102327-150x150.jpg 150w, https:\/\/agora.xtec.cat\/escolamestralvilanova\/wp-content\/uploads\/usu729\/2021\/01\/IMG_20210120_102327-768x768.jpg 768w, https:\/\/agora.xtec.cat\/escolamestralvilanova\/wp-content\/uploads\/usu729\/2021\/01\/IMG_20210120_102327-1024x1024.jpg 1024w\" sizes=\"auto, (max-width: 300px) 100vw, 300px\" \/><\/a><\/p>\n","protected":false},"excerpt":{"rendered":"<p>Aquest mat\u00ed a l&#8217;escoleta hem recreat la feina del personal sanitari amb el material que ens van portar els Reis: un malet\u00ed amb totes les eines que ells utilitzen i altres elements reals (un fonendoscopi, venes, mascaretes, medicaments &#8230;).<br \/>\nTamb\u00e9 ens hem posat bates de metges&hellip;  <a href=\"https:\/\/agora.xtec.cat\/escolamestralvilanova\/infantil\/ambient-dels-metges\/\" title=\"Read AMBIENT DELS METGES\">Llegeix m\u00e9s\u00bb<\/a><\/p>\n","protected":false},"author":1,"featured_media":0,"comment_status":"open","ping_status":"closed","sticky":false,"template":"","format":"standard","meta":{"_bbp_topic_count":0,"_bbp_reply_count":0,"_bbp_total_topic_count":0,"_bbp_total_reply_count":0,"_bbp_voice_count":0,"_bbp_anonymous_reply_count":0,"_bbp_topic_count_hidden":0,"_bbp_reply_count_hidden":0,"_bbp_forum_subforum_count":0,"footnotes":""},"categories":[14,59,2,4],"tags":[],"class_list":["post-4465","post","type-post","status-publish","format-standard","hentry","category-ei1-ei2","category-primer-cicle-ed-infantil","category-infantil","category-portada"],"post_mailing_queue_ids":[],"_links":{"self":[{"href":"https:\/\/agora.xtec.cat\/escolamestralvilanova\/wp-json\/wp\/v2\/posts\/4465","targetHints":{"allow":["GET"]}}],"collection":[{"href":"https:\/\/agora.xtec.cat\/escolamestralvilanova\/wp-json\/wp\/v2\/posts"}],"about":[{"href":"https:\/\/agora.xtec.cat\/escolamestralvilanova\/wp-json\/wp\/v2\/types\/post"}],"author":[{"embeddable":true,"href":"https:\/\/agora.xtec.cat\/escolamestralvilanova\/wp-json\/wp\/v2\/users\/1"}],"replies":[{"embeddable":true,"href":"https:\/\/agora.xtec.cat\/escolamestralvilanova\/wp-json\/wp\/v2\/comments?post=4465"}],"version-history":[{"count":1,"href":"https:\/\/agora.xtec.cat\/escolamestralvilanova\/wp-json\/wp\/v2\/posts\/4465\/revisions"}],"predecessor-version":[{"id":4467,"href":"https:\/\/agora.xtec.cat\/escolamestralvilanova\/wp-json\/wp\/v2\/posts\/4465\/revisions\/4467"}],"wp:attachment":[{"href":"https:\/\/agora.xtec.cat\/escolamestralvilanova\/wp-json\/wp\/v2\/media?parent=4465"}],"wp:term":[{"taxonomy":"category","embeddable":true,"href":"https:\/\/agora.xtec.cat\/escolamestralvilanova\/wp-json\/wp\/v2\/categories?post=4465"},{"taxonomy":"post_tag","embeddable":true,"href":"https:\/\/agora.xtec.cat\/escolamestralvilanova\/wp-json\/wp\/v2\/tags?post=4465"}],"curies":[{"name":"wp","href":"https:\/\/api.w.org\/{rel}","templated":true}]}}