{"id":4458,"date":"2021-01-19T13:20:36","date_gmt":"2021-01-19T12:20:36","guid":{"rendered":"http:\/\/agora.xtec.cat\/escolamestralvilanova\/?p=4458"},"modified":"2021-01-19T13:20:54","modified_gmt":"2021-01-19T12:20:54","slug":"iniciem-el-centre-dinteres-coneixem-el-nostre-poble","status":"publish","type":"post","link":"https:\/\/agora.xtec.cat\/escolamestralvilanova\/general\/iniciem-el-centre-dinteres-coneixem-el-nostre-poble\/","title":{"rendered":"INICIEM EL CENTRE D&#8217;INTER\u00c8S: &#8220;CONEIXEM EL NOSTRE POBLE&#8221;"},"content":{"rendered":"<p>A l&#8217;aula de primer estem iniciant el centre d&#8217;inter\u00e8s <strong>&#8220;Coneixem el nostre poble&#8221;.<\/strong><\/p>\n<p>Hem iniciat aquest centre d&#8217;inter\u00e8s pensant i escrivint els nostres llocs preferits del poble. A continuaci\u00f3 hem situat el poble fent servir el programa Google Earth i hem identificat aquells edificis o monuments m\u00e9s importants de Vilanova de la Barca.<\/p>\n<p>Cadasc\u00fa de nosaltres es preparar\u00e0 una presentaci\u00f3 on us explicarem tot all\u00f2 que hem apr\u00e8s de la hist\u00f2ria del nostre poble i dels seus edificis i llocs d&#8217;inter\u00e8s.<\/p>\n<p>Estem molt motivats i tenim moltes ganes d&#8217;aprendre!<\/p>\n<ul>\n<li><a href=\"https:\/\/photos.app.goo.gl\/RBWqGGbPBFc9K8Zf7\">ENLLA\u00c7 A LES FOTOGRAFIES<\/a><\/li>\n<\/ul>\n<p><a href=\"https:\/\/agora.xtec.cat\/escolamestralvilanova\/wp-content\/uploads\/usu729\/2021\/01\/IMG-5792.jpg\"><img loading=\"lazy\" decoding=\"async\" class=\"alignnone size-large wp-image-4460\" src=\"https:\/\/agora.xtec.cat\/escolamestralvilanova\/wp-content\/uploads\/usu729\/2021\/01\/IMG-5792-1024x1024.jpg\" alt=\"\" width=\"1024\" height=\"1024\" srcset=\"https:\/\/agora.xtec.cat\/escolamestralvilanova\/wp-content\/uploads\/usu729\/2021\/01\/IMG-5792-1024x1024.jpg 1024w, https:\/\/agora.xtec.cat\/escolamestralvilanova\/wp-content\/uploads\/usu729\/2021\/01\/IMG-5792-150x150.jpg 150w, https:\/\/agora.xtec.cat\/escolamestralvilanova\/wp-content\/uploads\/usu729\/2021\/01\/IMG-5792-300x300.jpg 300w, https:\/\/agora.xtec.cat\/escolamestralvilanova\/wp-content\/uploads\/usu729\/2021\/01\/IMG-5792-768x768.jpg 768w, https:\/\/agora.xtec.cat\/escolamestralvilanova\/wp-content\/uploads\/usu729\/2021\/01\/IMG-5792.jpg 1800w\" sizes=\"auto, (max-width: 1024px) 100vw, 1024px\" \/><\/a><\/p>\n","protected":false},"excerpt":{"rendered":"<p>A l&#8217;aula de primer estem iniciant el centre d&#8217;inter\u00e8s &#8220;Coneixem el nostre poble&#8221;.<br \/>\nHem iniciat aquest centre d&#8217;inter\u00e8s pensant i escrivint els nostres llocs preferits del poble. A continuaci\u00f3 hem situat el poble fent servir el programa Google Earth i hem identificat aquells edificis o monuments&hellip;  <a href=\"https:\/\/agora.xtec.cat\/escolamestralvilanova\/general\/iniciem-el-centre-dinteres-coneixem-el-nostre-poble\/\" title=\"Read INICIEM EL CENTRE D&#8217;INTER\u00c8S: &#8220;CONEIXEM EL NOSTRE POBLE&#8221;\">Llegeix m\u00e9s\u00bb<\/a><\/p>\n","protected":false},"author":6,"featured_media":0,"comment_status":"open","ping_status":"closed","sticky":false,"template":"","format":"standard","meta":{"_bbp_topic_count":0,"_bbp_reply_count":0,"_bbp_total_topic_count":0,"_bbp_total_reply_count":0,"_bbp_voice_count":0,"_bbp_anonymous_reply_count":0,"_bbp_topic_count_hidden":0,"_bbp_reply_count_hidden":0,"_bbp_forum_subforum_count":0,"footnotes":""},"categories":[10,1,4,5],"tags":[],"class_list":["post-4458","post","type-post","status-publish","format-standard","hentry","category-ei5-primer","category-general","category-portada","category-primaria"],"post_mailing_queue_ids":[],"_links":{"self":[{"href":"https:\/\/agora.xtec.cat\/escolamestralvilanova\/wp-json\/wp\/v2\/posts\/4458","targetHints":{"allow":["GET"]}}],"collection":[{"href":"https:\/\/agora.xtec.cat\/escolamestralvilanova\/wp-json\/wp\/v2\/posts"}],"about":[{"href":"https:\/\/agora.xtec.cat\/escolamestralvilanova\/wp-json\/wp\/v2\/types\/post"}],"author":[{"embeddable":true,"href":"https:\/\/agora.xtec.cat\/escolamestralvilanova\/wp-json\/wp\/v2\/users\/6"}],"replies":[{"embeddable":true,"href":"https:\/\/agora.xtec.cat\/escolamestralvilanova\/wp-json\/wp\/v2\/comments?post=4458"}],"version-history":[{"count":2,"href":"https:\/\/agora.xtec.cat\/escolamestralvilanova\/wp-json\/wp\/v2\/posts\/4458\/revisions"}],"predecessor-version":[{"id":4461,"href":"https:\/\/agora.xtec.cat\/escolamestralvilanova\/wp-json\/wp\/v2\/posts\/4458\/revisions\/4461"}],"wp:attachment":[{"href":"https:\/\/agora.xtec.cat\/escolamestralvilanova\/wp-json\/wp\/v2\/media?parent=4458"}],"wp:term":[{"taxonomy":"category","embeddable":true,"href":"https:\/\/agora.xtec.cat\/escolamestralvilanova\/wp-json\/wp\/v2\/categories?post=4458"},{"taxonomy":"post_tag","embeddable":true,"href":"https:\/\/agora.xtec.cat\/escolamestralvilanova\/wp-json\/wp\/v2\/tags?post=4458"}],"curies":[{"name":"wp","href":"https:\/\/api.w.org\/{rel}","templated":true}]}}