{"id":4455,"date":"2021-01-19T10:51:17","date_gmt":"2021-01-19T09:51:17","guid":{"rendered":"http:\/\/agora.xtec.cat\/escolamestralvilanova\/?p=4455"},"modified":"2021-01-19T10:51:25","modified_gmt":"2021-01-19T09:51:25","slug":"fem-lectura-col%c2%b7lectivael-conte-que-valent","status":"publish","type":"post","link":"https:\/\/agora.xtec.cat\/escolamestralvilanova\/portada\/fem-lectura-col%c2%b7lectivael-conte-que-valent\/","title":{"rendered":"FEM LECTURA COL\u00b7LECTIVA!EL CONTE &#8220;QUE VALENT!&#8221;"},"content":{"rendered":"<p>Els infants de primer practiquem di\u00e0riament la lectura i l&#8217;escriptura.<\/p>\n<p>Aquesta setmana hem comen\u00e7at la lectura col\u00b7lectiva d&#8217;un conte que ens encanta anomenat: Que valent!<\/p>\n<p>M\u00e9s enll\u00e0 de treballar la lectura i l&#8217;escriptura, a trav\u00e9s dels contes treballem els valors i la import\u00e0ncia del respecte i l&#8217;amistat!<\/p>\n<p>Ens ho passem molt b\u00e9 llegint!<\/p>\n<p><a href=\"https:\/\/agora.xtec.cat\/escolamestralvilanova\/wp-content\/uploads\/usu729\/2021\/01\/definitiva.jpg\"><img loading=\"lazy\" decoding=\"async\" class=\"alignnone size-full wp-image-4456\" src=\"https:\/\/agora.xtec.cat\/escolamestralvilanova\/wp-content\/uploads\/usu729\/2021\/01\/definitiva.jpg\" alt=\"\" width=\"809\" height=\"768\" srcset=\"https:\/\/agora.xtec.cat\/escolamestralvilanova\/wp-content\/uploads\/usu729\/2021\/01\/definitiva.jpg 809w, https:\/\/agora.xtec.cat\/escolamestralvilanova\/wp-content\/uploads\/usu729\/2021\/01\/definitiva-300x285.jpg 300w, https:\/\/agora.xtec.cat\/escolamestralvilanova\/wp-content\/uploads\/usu729\/2021\/01\/definitiva-768x729.jpg 768w\" sizes=\"auto, (max-width: 809px) 100vw, 809px\" \/><\/a><\/p>\n","protected":false},"excerpt":{"rendered":"<p>Els infants de primer practiquem di\u00e0riament la lectura i l&#8217;escriptura.<br \/>\nAquesta setmana hem comen\u00e7at la lectura col\u00b7lectiva d&#8217;un conte que ens encanta anomenat: Que valent!<br \/>\nM\u00e9s enll\u00e0 de treballar la lectura i l&#8217;escriptura, a trav\u00e9s dels contes treballem els valors i la import\u00e0ncia del respecte i l&#8217;amistat!<br \/>\nEns&hellip;  <a href=\"https:\/\/agora.xtec.cat\/escolamestralvilanova\/portada\/fem-lectura-col%c2%b7lectivael-conte-que-valent\/\" title=\"Read FEM LECTURA COL\u00b7LECTIVA!EL CONTE &#8220;QUE VALENT!&#8221;\">Llegeix m\u00e9s\u00bb<\/a><\/p>\n","protected":false},"author":6,"featured_media":0,"comment_status":"open","ping_status":"closed","sticky":false,"template":"","format":"standard","meta":{"_bbp_topic_count":0,"_bbp_reply_count":0,"_bbp_total_topic_count":0,"_bbp_total_reply_count":0,"_bbp_voice_count":0,"_bbp_anonymous_reply_count":0,"_bbp_topic_count_hidden":0,"_bbp_reply_count_hidden":0,"_bbp_forum_subforum_count":0,"footnotes":""},"categories":[10,4,5],"tags":[],"class_list":["post-4455","post","type-post","status-publish","format-standard","hentry","category-ei5-primer","category-portada","category-primaria"],"post_mailing_queue_ids":[],"_links":{"self":[{"href":"https:\/\/agora.xtec.cat\/escolamestralvilanova\/wp-json\/wp\/v2\/posts\/4455","targetHints":{"allow":["GET"]}}],"collection":[{"href":"https:\/\/agora.xtec.cat\/escolamestralvilanova\/wp-json\/wp\/v2\/posts"}],"about":[{"href":"https:\/\/agora.xtec.cat\/escolamestralvilanova\/wp-json\/wp\/v2\/types\/post"}],"author":[{"embeddable":true,"href":"https:\/\/agora.xtec.cat\/escolamestralvilanova\/wp-json\/wp\/v2\/users\/6"}],"replies":[{"embeddable":true,"href":"https:\/\/agora.xtec.cat\/escolamestralvilanova\/wp-json\/wp\/v2\/comments?post=4455"}],"version-history":[{"count":1,"href":"https:\/\/agora.xtec.cat\/escolamestralvilanova\/wp-json\/wp\/v2\/posts\/4455\/revisions"}],"predecessor-version":[{"id":4457,"href":"https:\/\/agora.xtec.cat\/escolamestralvilanova\/wp-json\/wp\/v2\/posts\/4455\/revisions\/4457"}],"wp:attachment":[{"href":"https:\/\/agora.xtec.cat\/escolamestralvilanova\/wp-json\/wp\/v2\/media?parent=4455"}],"wp:term":[{"taxonomy":"category","embeddable":true,"href":"https:\/\/agora.xtec.cat\/escolamestralvilanova\/wp-json\/wp\/v2\/categories?post=4455"},{"taxonomy":"post_tag","embeddable":true,"href":"https:\/\/agora.xtec.cat\/escolamestralvilanova\/wp-json\/wp\/v2\/tags?post=4455"}],"curies":[{"name":"wp","href":"https:\/\/api.w.org\/{rel}","templated":true}]}}