{"id":4439,"date":"2021-01-14T17:39:40","date_gmt":"2021-01-14T16:39:40","guid":{"rendered":"http:\/\/agora.xtec.cat\/escolamestralvilanova\/?p=4439"},"modified":"2021-01-14T17:39:50","modified_gmt":"2021-01-14T16:39:50","slug":"pintem-lhivern","status":"publish","type":"post","link":"https:\/\/agora.xtec.cat\/escolamestralvilanova\/infantil\/pintem-lhivern\/","title":{"rendered":"PINTEM L&#8217;HIVERN!"},"content":{"rendered":"<p style=\"text-align: justify;\">Mireu com hem deixat de bonic el rac\u00f3 de l&#8217;Hivern! Ahir vam estar pintant oueres amb els colors t\u00edpics d&#8217;aquesta estaci\u00f3 (blaus, blanc i lila) tot simulant flocs de neu i tamb\u00e9 les lletres que hi veieu!<br \/>\nA m\u00e9s, hi hem colocat una cistella amb diferents element com papers de seda blancs amb els quals hem fet boles de neu per jugar-hi junt amb altres elements manipulatius <img decoding=\"async\" class=\"CToWUd\" src=\"https:\/\/mail.google.com\/mail\/e\/2744\" alt=\"\u2744\" data-goomoji=\"2744\" data-image-whitelisted=\"\" \/><img decoding=\"async\" class=\"CToWUd\" src=\"https:\/\/mail.google.com\/mail\/e\/1f3a8\" alt=\"\ud83c\udfa8\" data-goomoji=\"1f3a8\" data-image-whitelisted=\"\" \/><\/p>\n<ul>\n<li><a href=\"https:\/\/photos.app.goo.gl\/GU3e7DHYamy7shWf6\">ENLLA\u00c7 A LES FOTOGRAFIES<\/a><\/li>\n<\/ul>\n<p><a href=\"https:\/\/photos.app.goo.gl\/GU3e7DHYamy7shWf6\"><img loading=\"lazy\" decoding=\"async\" class=\"alignnone wp-image-4440 size-medium\" src=\"https:\/\/agora.xtec.cat\/escolamestralvilanova\/wp-content\/uploads\/usu729\/2021\/01\/IMG_20210114_135934-e1610642351755-300x300.jpg\" alt=\"\" width=\"300\" height=\"300\" srcset=\"https:\/\/agora.xtec.cat\/escolamestralvilanova\/wp-content\/uploads\/usu729\/2021\/01\/IMG_20210114_135934-e1610642351755-300x300.jpg 300w, https:\/\/agora.xtec.cat\/escolamestralvilanova\/wp-content\/uploads\/usu729\/2021\/01\/IMG_20210114_135934-e1610642351755-150x150.jpg 150w, https:\/\/agora.xtec.cat\/escolamestralvilanova\/wp-content\/uploads\/usu729\/2021\/01\/IMG_20210114_135934-e1610642351755-768x768.jpg 768w, https:\/\/agora.xtec.cat\/escolamestralvilanova\/wp-content\/uploads\/usu729\/2021\/01\/IMG_20210114_135934-e1610642351755-1024x1024.jpg 1024w\" sizes=\"auto, (max-width: 300px) 100vw, 300px\" \/><\/a><\/p>\n<div class=\"yj6qo\"><\/div>\n","protected":false},"excerpt":{"rendered":"<p>Mireu com hem deixat de bonic el rac\u00f3 de l&#8217;Hivern! Ahir vam estar pintant oueres amb els colors t\u00edpics d&#8217;aquesta estaci\u00f3 (blaus, blanc i lila) tot simulant flocs de neu i tamb\u00e9 les lletres que hi veieu!<br \/>\nA m\u00e9s, hi hem colocat una cistella amb diferents&hellip;  <a href=\"https:\/\/agora.xtec.cat\/escolamestralvilanova\/infantil\/pintem-lhivern\/\" title=\"Read PINTEM L&#8217;HIVERN!\">Llegeix m\u00e9s\u00bb<\/a><\/p>\n","protected":false},"author":1,"featured_media":0,"comment_status":"open","ping_status":"closed","sticky":false,"template":"","format":"standard","meta":{"_bbp_topic_count":0,"_bbp_reply_count":0,"_bbp_total_topic_count":0,"_bbp_total_reply_count":0,"_bbp_voice_count":0,"_bbp_anonymous_reply_count":0,"_bbp_topic_count_hidden":0,"_bbp_reply_count_hidden":0,"_bbp_forum_subforum_count":0,"footnotes":""},"categories":[14,59,2,4],"tags":[],"class_list":["post-4439","post","type-post","status-publish","format-standard","hentry","category-ei1-ei2","category-primer-cicle-ed-infantil","category-infantil","category-portada"],"post_mailing_queue_ids":[],"_links":{"self":[{"href":"https:\/\/agora.xtec.cat\/escolamestralvilanova\/wp-json\/wp\/v2\/posts\/4439","targetHints":{"allow":["GET"]}}],"collection":[{"href":"https:\/\/agora.xtec.cat\/escolamestralvilanova\/wp-json\/wp\/v2\/posts"}],"about":[{"href":"https:\/\/agora.xtec.cat\/escolamestralvilanova\/wp-json\/wp\/v2\/types\/post"}],"author":[{"embeddable":true,"href":"https:\/\/agora.xtec.cat\/escolamestralvilanova\/wp-json\/wp\/v2\/users\/1"}],"replies":[{"embeddable":true,"href":"https:\/\/agora.xtec.cat\/escolamestralvilanova\/wp-json\/wp\/v2\/comments?post=4439"}],"version-history":[{"count":1,"href":"https:\/\/agora.xtec.cat\/escolamestralvilanova\/wp-json\/wp\/v2\/posts\/4439\/revisions"}],"predecessor-version":[{"id":4441,"href":"https:\/\/agora.xtec.cat\/escolamestralvilanova\/wp-json\/wp\/v2\/posts\/4439\/revisions\/4441"}],"wp:attachment":[{"href":"https:\/\/agora.xtec.cat\/escolamestralvilanova\/wp-json\/wp\/v2\/media?parent=4439"}],"wp:term":[{"taxonomy":"category","embeddable":true,"href":"https:\/\/agora.xtec.cat\/escolamestralvilanova\/wp-json\/wp\/v2\/categories?post=4439"},{"taxonomy":"post_tag","embeddable":true,"href":"https:\/\/agora.xtec.cat\/escolamestralvilanova\/wp-json\/wp\/v2\/tags?post=4439"}],"curies":[{"name":"wp","href":"https:\/\/api.w.org\/{rel}","templated":true}]}}