{"id":4386,"date":"2020-12-18T08:56:28","date_gmt":"2020-12-18T07:56:28","guid":{"rendered":"http:\/\/agora.xtec.cat\/escolamestralvilanova\/?p=4386"},"modified":"2020-12-21T08:57:20","modified_gmt":"2020-12-21T07:57:20","slug":"decorem-lescola-plena-globus","status":"publish","type":"post","link":"https:\/\/agora.xtec.cat\/escolamestralvilanova\/general\/decorem-lescola-plena-globus\/","title":{"rendered":"DECOREM L&#8217;ESCOLA PLENA GLOBUS"},"content":{"rendered":"<p style=\"text-align: justify;\">Aquest primer trimestre hem realitzat un projecte relacionat amb el llibre <strong>&#8220;El m\u00e0gic d&#8217;Oz&#8221;<\/strong>. Totes les aules l&#8217;hem treballat i ens n&#8217;hem adonat que en aquesta lectura es tracten molt valors importants: la bondat, la valentia, l&#8217;esfor\u00e7, l&#8217;amistat, l&#8217;amor&#8230;<\/p>\n<p style=\"text-align: justify;\">Per la qual cosa, inspirant-nos en l&#8217;obra d&#8217;aquest autor hem decorat l&#8217;escola tot guarnint-la de globus aerost\u00e0tics, ja que \u00e9s un element que t\u00e9 una gran simbologia dins l&#8217;obra. Penjant d&#8217;aquest globus cada fam\u00edlia ha escrit un valor significant.<\/p>\n<p style=\"text-align: justify;\">Mireu que bonica que ha quedat l&#8217;escola!<\/p>\n<ul>\n<li><a href=\"https:\/\/photos.app.goo.gl\/HaN2WNQcvzn8yyEN8\">ENLLA\u00c7 A LES FOTOGRAFIES<\/a><\/li>\n<\/ul>\n<p><a href=\"https:\/\/photos.app.goo.gl\/HaN2WNQcvzn8yyEN8\"><img loading=\"lazy\" decoding=\"async\" class=\"alignnone size-medium wp-image-4391\" src=\"https:\/\/agora.xtec.cat\/escolamestralvilanova\/wp-content\/uploads\/usu729\/2020\/12\/IMG_6678-300x225.jpg\" alt=\"\" width=\"300\" height=\"225\" srcset=\"https:\/\/agora.xtec.cat\/escolamestralvilanova\/wp-content\/uploads\/usu729\/2020\/12\/IMG_6678-300x225.jpg 300w, https:\/\/agora.xtec.cat\/escolamestralvilanova\/wp-content\/uploads\/usu729\/2020\/12\/IMG_6678-768x576.jpg 768w, https:\/\/agora.xtec.cat\/escolamestralvilanova\/wp-content\/uploads\/usu729\/2020\/12\/IMG_6678-1024x768.jpg 1024w, https:\/\/agora.xtec.cat\/escolamestralvilanova\/wp-content\/uploads\/usu729\/2020\/12\/IMG_6678-200x150.jpg 200w\" sizes=\"auto, (max-width: 300px) 100vw, 300px\" \/><\/a><\/p>\n","protected":false},"excerpt":{"rendered":"<p>Aquest primer trimestre hem realitzat un projecte relacionat amb el llibre &#8220;El m\u00e0gic d&#8217;Oz&#8221;. Totes les aules l&#8217;hem treballat i ens n&#8217;hem adonat que en aquesta lectura es tracten molt valors importants: la bondat, la valentia, l&#8217;esfor\u00e7, l&#8217;amistat, l&#8217;amor&#8230;<br \/>\nPer la qual cosa, inspirant-nos en l&#8217;obra&hellip;  <a href=\"https:\/\/agora.xtec.cat\/escolamestralvilanova\/general\/decorem-lescola-plena-globus\/\" title=\"Read DECOREM L&#8217;ESCOLA PLENA GLOBUS\">Llegeix m\u00e9s\u00bb<\/a><\/p>\n","protected":false},"author":1,"featured_media":0,"comment_status":"open","ping_status":"closed","sticky":false,"template":"","format":"standard","meta":{"_bbp_topic_count":0,"_bbp_reply_count":0,"_bbp_total_topic_count":0,"_bbp_total_reply_count":0,"_bbp_voice_count":0,"_bbp_anonymous_reply_count":0,"_bbp_topic_count_hidden":0,"_bbp_reply_count_hidden":0,"_bbp_forum_subforum_count":0,"footnotes":""},"categories":[13,11,12,15,3,14,8,9,10,1,2,4,5],"tags":[],"class_list":["post-4386","post","type-post","status-publish","format-standard","hentry","category-cinque","category-cicle-inicial","category-tercer-quart","category-cicle-superior","category-ei3-ei4-ei5","category-ei1-ei2","category-ei4","category-ei5","category-ei5-primer","category-general","category-infantil","category-portada","category-primaria"],"post_mailing_queue_ids":[],"_links":{"self":[{"href":"https:\/\/agora.xtec.cat\/escolamestralvilanova\/wp-json\/wp\/v2\/posts\/4386","targetHints":{"allow":["GET"]}}],"collection":[{"href":"https:\/\/agora.xtec.cat\/escolamestralvilanova\/wp-json\/wp\/v2\/posts"}],"about":[{"href":"https:\/\/agora.xtec.cat\/escolamestralvilanova\/wp-json\/wp\/v2\/types\/post"}],"author":[{"embeddable":true,"href":"https:\/\/agora.xtec.cat\/escolamestralvilanova\/wp-json\/wp\/v2\/users\/1"}],"replies":[{"embeddable":true,"href":"https:\/\/agora.xtec.cat\/escolamestralvilanova\/wp-json\/wp\/v2\/comments?post=4386"}],"version-history":[{"count":3,"href":"https:\/\/agora.xtec.cat\/escolamestralvilanova\/wp-json\/wp\/v2\/posts\/4386\/revisions"}],"predecessor-version":[{"id":4392,"href":"https:\/\/agora.xtec.cat\/escolamestralvilanova\/wp-json\/wp\/v2\/posts\/4386\/revisions\/4392"}],"wp:attachment":[{"href":"https:\/\/agora.xtec.cat\/escolamestralvilanova\/wp-json\/wp\/v2\/media?parent=4386"}],"wp:term":[{"taxonomy":"category","embeddable":true,"href":"https:\/\/agora.xtec.cat\/escolamestralvilanova\/wp-json\/wp\/v2\/categories?post=4386"},{"taxonomy":"post_tag","embeddable":true,"href":"https:\/\/agora.xtec.cat\/escolamestralvilanova\/wp-json\/wp\/v2\/tags?post=4386"}],"curies":[{"name":"wp","href":"https:\/\/api.w.org\/{rel}","templated":true}]}}