{"id":4371,"date":"2020-12-21T12:50:27","date_gmt":"2020-12-21T11:50:27","guid":{"rendered":"http:\/\/agora.xtec.cat\/escolamestralvilanova\/?p=4371"},"modified":"2020-12-21T18:59:12","modified_gmt":"2020-12-21T17:59:12","slug":"bones-festes-3","status":"publish","type":"post","link":"https:\/\/agora.xtec.cat\/escolamestralvilanova\/general\/bones-festes-3\/","title":{"rendered":"BONES FESTES!"},"content":{"rendered":"<p>La comunitat educativa de l&#8217;Escola Mestral us desitja, UNES BONES FESTES!<\/p>\n<p style=\"text-align: justify;\"><em>\u00c9s una felicitaci\u00f3 on mostrem un moment improvisat del nostre dia a dia a l&#8217;escola. Amb aix\u00f2 us volem ensenyar com treballem i una petita mostra de la nostra aula i com ens agrada compartir aquest espai amb vosaltres, les fam\u00edlies.\u00a0<\/em><\/p>\n<ul>\n<li><a href=\"https:\/\/photos.app.goo.gl\/ayHWiMe7FJQtJYS8A\">ENLLA\u00c7 A LA FELICITACI\u00d3<\/a><\/li>\n<\/ul>\n<p><a href=\"https:\/\/photos.app.goo.gl\/ayHWiMe7FJQtJYS8A\"><img loading=\"lazy\" decoding=\"async\" class=\"alignnone wp-image-4379\" src=\"https:\/\/agora.xtec.cat\/escolamestralvilanova\/wp-content\/uploads\/usu729\/2020\/12\/Captura-de-Pantalla-2020-12-19-a-les-11.31.55-300x168.png\" alt=\"\" width=\"345\" height=\"193\" srcset=\"https:\/\/agora.xtec.cat\/escolamestralvilanova\/wp-content\/uploads\/usu729\/2020\/12\/Captura-de-Pantalla-2020-12-19-a-les-11.31.55-300x168.png 300w, https:\/\/agora.xtec.cat\/escolamestralvilanova\/wp-content\/uploads\/usu729\/2020\/12\/Captura-de-Pantalla-2020-12-19-a-les-11.31.55-768x430.png 768w, https:\/\/agora.xtec.cat\/escolamestralvilanova\/wp-content\/uploads\/usu729\/2020\/12\/Captura-de-Pantalla-2020-12-19-a-les-11.31.55-1024x573.png 1024w, https:\/\/agora.xtec.cat\/escolamestralvilanova\/wp-content\/uploads\/usu729\/2020\/12\/Captura-de-Pantalla-2020-12-19-a-les-11.31.55.png 1500w\" sizes=\"auto, (max-width: 345px) 100vw, 345px\" \/><\/a><\/p>\n","protected":false},"excerpt":{"rendered":"<p>La comunitat educativa de l&#8217;Escola Mestral us desitja, UNES BONES FESTES!<br \/>\n\u00c9s una felicitaci\u00f3 on mostrem un moment improvisat del nostre dia a dia a l&#8217;escola. Amb aix\u00f2 us volem ensenyar com treballem i una petita mostra de la nostra aula i com ens agrada compartir&hellip;  <a href=\"https:\/\/agora.xtec.cat\/escolamestralvilanova\/general\/bones-festes-3\/\" title=\"Read BONES FESTES!\">Llegeix m\u00e9s\u00bb<\/a><\/p>\n","protected":false},"author":1,"featured_media":0,"comment_status":"open","ping_status":"closed","sticky":false,"template":"","format":"standard","meta":{"_bbp_topic_count":0,"_bbp_reply_count":0,"_bbp_total_topic_count":0,"_bbp_total_reply_count":0,"_bbp_voice_count":0,"_bbp_anonymous_reply_count":0,"_bbp_topic_count_hidden":0,"_bbp_reply_count_hidden":0,"_bbp_forum_subforum_count":0,"footnotes":""},"categories":[13,11,12,15,3,14,8,9,10,59,1,2,4,5],"tags":[],"class_list":["post-4371","post","type-post","status-publish","format-standard","hentry","category-cinque","category-cicle-inicial","category-tercer-quart","category-cicle-superior","category-ei3-ei4-ei5","category-ei1-ei2","category-ei4","category-ei5","category-ei5-primer","category-primer-cicle-ed-infantil","category-general","category-infantil","category-portada","category-primaria"],"post_mailing_queue_ids":[],"_links":{"self":[{"href":"https:\/\/agora.xtec.cat\/escolamestralvilanova\/wp-json\/wp\/v2\/posts\/4371","targetHints":{"allow":["GET"]}}],"collection":[{"href":"https:\/\/agora.xtec.cat\/escolamestralvilanova\/wp-json\/wp\/v2\/posts"}],"about":[{"href":"https:\/\/agora.xtec.cat\/escolamestralvilanova\/wp-json\/wp\/v2\/types\/post"}],"author":[{"embeddable":true,"href":"https:\/\/agora.xtec.cat\/escolamestralvilanova\/wp-json\/wp\/v2\/users\/1"}],"replies":[{"embeddable":true,"href":"https:\/\/agora.xtec.cat\/escolamestralvilanova\/wp-json\/wp\/v2\/comments?post=4371"}],"version-history":[{"count":3,"href":"https:\/\/agora.xtec.cat\/escolamestralvilanova\/wp-json\/wp\/v2\/posts\/4371\/revisions"}],"predecessor-version":[{"id":4403,"href":"https:\/\/agora.xtec.cat\/escolamestralvilanova\/wp-json\/wp\/v2\/posts\/4371\/revisions\/4403"}],"wp:attachment":[{"href":"https:\/\/agora.xtec.cat\/escolamestralvilanova\/wp-json\/wp\/v2\/media?parent=4371"}],"wp:term":[{"taxonomy":"category","embeddable":true,"href":"https:\/\/agora.xtec.cat\/escolamestralvilanova\/wp-json\/wp\/v2\/categories?post=4371"},{"taxonomy":"post_tag","embeddable":true,"href":"https:\/\/agora.xtec.cat\/escolamestralvilanova\/wp-json\/wp\/v2\/tags?post=4371"}],"curies":[{"name":"wp","href":"https:\/\/api.w.org\/{rel}","templated":true}]}}