{"id":4368,"date":"2020-12-21T12:00:57","date_gmt":"2020-12-21T11:00:57","guid":{"rendered":"http:\/\/agora.xtec.cat\/escolamestralvilanova\/?p=4368"},"modified":"2020-12-22T22:22:32","modified_gmt":"2020-12-22T21:22:32","slug":"el-mag-doz-la-nostra-pel%c2%b7licula","status":"publish","type":"post","link":"https:\/\/agora.xtec.cat\/escolamestralvilanova\/general\/el-mag-doz-la-nostra-pel%c2%b7licula\/","title":{"rendered":"EL MAG D&#8217;OZ, LA NOSTRA PEL\u00b7L\u00cdCULA!"},"content":{"rendered":"<div class=\"mceTemp\"><\/div>\n<p style=\"text-align: justify;\">Enguany, com cada any, hem treballat el llibre del M\u00e0gic d&#8217;Oz a nivell d&#8217;escola. Cada grup, l&#8217;ha treballat al seu nivell i hem realitzat activitats al voltant d&#8217;aquesta hist\u00f2ria m\u00e0gica i plena de fantasia.<\/p>\n<p>Entre tots hem elaborat una pel\u00b7l\u00edcula anomenada EL MAG D&#8217;OZ basada en aquesta obra que us fem arribar mitjan\u00e7ant un enlla\u00e7.<\/p>\n<p>Esperem que us agradi, est\u00e0 plena d&#8217;il\u00b7lusi\u00f3, esfor\u00e7 i m\u00e0gia.<\/p>\n<ul>\n<li><a href=\"https:\/\/photos.app.goo.gl\/4rCuW2FTenQtpJcg7\">ENLLA\u00c7 A LA PEL\u00b7L\u00cdCULA<\/a><\/li>\n<\/ul>\n<p><a href=\"https:\/\/photos.app.goo.gl\/4rCuW2FTenQtpJcg7\"><img loading=\"lazy\" decoding=\"async\" class=\"alignnone wp-image-4376\" src=\"https:\/\/agora.xtec.cat\/escolamestralvilanova\/wp-content\/uploads\/usu729\/2020\/12\/Captura-de-Pantalla-2020-12-19-a-les-11.25.34-300x168.png\" alt=\"\" width=\"395\" height=\"221\" srcset=\"https:\/\/agora.xtec.cat\/escolamestralvilanova\/wp-content\/uploads\/usu729\/2020\/12\/Captura-de-Pantalla-2020-12-19-a-les-11.25.34-300x168.png 300w, https:\/\/agora.xtec.cat\/escolamestralvilanova\/wp-content\/uploads\/usu729\/2020\/12\/Captura-de-Pantalla-2020-12-19-a-les-11.25.34-768x430.png 768w, https:\/\/agora.xtec.cat\/escolamestralvilanova\/wp-content\/uploads\/usu729\/2020\/12\/Captura-de-Pantalla-2020-12-19-a-les-11.25.34-1024x573.png 1024w, https:\/\/agora.xtec.cat\/escolamestralvilanova\/wp-content\/uploads\/usu729\/2020\/12\/Captura-de-Pantalla-2020-12-19-a-les-11.25.34.png 1898w\" sizes=\"auto, (max-width: 395px) 100vw, 395px\" \/><\/a><\/p>\n","protected":false},"excerpt":{"rendered":"<p>Enguany, com cada any, hem treballat el llibre del M\u00e0gic d&#8217;Oz a nivell d&#8217;escola. Cada grup, l&#8217;ha treballat al seu nivell i hem realitzat activitats al voltant d&#8217;aquesta hist\u00f2ria m\u00e0gica i plena de fantasia.<br \/>\nEntre tots hem elaborat una pel\u00b7l\u00edcula anomenada EL MAG D&#8217;OZ basada en&hellip;  <a href=\"https:\/\/agora.xtec.cat\/escolamestralvilanova\/general\/el-mag-doz-la-nostra-pel%c2%b7licula\/\" title=\"Read EL MAG D&#8217;OZ, LA NOSTRA PEL\u00b7L\u00cdCULA!\">Llegeix m\u00e9s\u00bb<\/a><\/p>\n","protected":false},"author":1,"featured_media":0,"comment_status":"open","ping_status":"closed","sticky":false,"template":"","format":"standard","meta":{"_bbp_topic_count":0,"_bbp_reply_count":0,"_bbp_total_topic_count":0,"_bbp_total_reply_count":0,"_bbp_voice_count":0,"_bbp_anonymous_reply_count":0,"_bbp_topic_count_hidden":0,"_bbp_reply_count_hidden":0,"_bbp_forum_subforum_count":0,"footnotes":""},"categories":[13,11,12,15,3,14,8,9,10,59,1,2,4,5],"tags":[],"class_list":["post-4368","post","type-post","status-publish","format-standard","hentry","category-cinque","category-cicle-inicial","category-tercer-quart","category-cicle-superior","category-ei3-ei4-ei5","category-ei1-ei2","category-ei4","category-ei5","category-ei5-primer","category-primer-cicle-ed-infantil","category-general","category-infantil","category-portada","category-primaria"],"post_mailing_queue_ids":[],"_links":{"self":[{"href":"https:\/\/agora.xtec.cat\/escolamestralvilanova\/wp-json\/wp\/v2\/posts\/4368","targetHints":{"allow":["GET"]}}],"collection":[{"href":"https:\/\/agora.xtec.cat\/escolamestralvilanova\/wp-json\/wp\/v2\/posts"}],"about":[{"href":"https:\/\/agora.xtec.cat\/escolamestralvilanova\/wp-json\/wp\/v2\/types\/post"}],"author":[{"embeddable":true,"href":"https:\/\/agora.xtec.cat\/escolamestralvilanova\/wp-json\/wp\/v2\/users\/1"}],"replies":[{"embeddable":true,"href":"https:\/\/agora.xtec.cat\/escolamestralvilanova\/wp-json\/wp\/v2\/comments?post=4368"}],"version-history":[{"count":3,"href":"https:\/\/agora.xtec.cat\/escolamestralvilanova\/wp-json\/wp\/v2\/posts\/4368\/revisions"}],"predecessor-version":[{"id":4404,"href":"https:\/\/agora.xtec.cat\/escolamestralvilanova\/wp-json\/wp\/v2\/posts\/4368\/revisions\/4404"}],"wp:attachment":[{"href":"https:\/\/agora.xtec.cat\/escolamestralvilanova\/wp-json\/wp\/v2\/media?parent=4368"}],"wp:term":[{"taxonomy":"category","embeddable":true,"href":"https:\/\/agora.xtec.cat\/escolamestralvilanova\/wp-json\/wp\/v2\/categories?post=4368"},{"taxonomy":"post_tag","embeddable":true,"href":"https:\/\/agora.xtec.cat\/escolamestralvilanova\/wp-json\/wp\/v2\/tags?post=4368"}],"curies":[{"name":"wp","href":"https:\/\/api.w.org\/{rel}","templated":true}]}}