{"id":436,"date":"2017-10-26T10:26:11","date_gmt":"2017-10-26T08:26:11","guid":{"rendered":"http:\/\/agora.xtec.cat\/escolamestralvilanova\/?p=436"},"modified":"2017-10-26T10:26:11","modified_gmt":"2017-10-26T08:26:11","slug":"fem-el-prego","status":"publish","type":"post","link":"https:\/\/agora.xtec.cat\/escolamestralvilanova\/general\/fem-el-prego\/","title":{"rendered":"FEM EL PREG\u00d3"},"content":{"rendered":"<p>Els alumnes de sis\u00e8 han fet el preg\u00f3 anunciant la venda de &#8220;Mestralines&#8221;, les magdalenes de poma que hem estat elaborant entre tots aquests dies.<\/p>\n<p>&nbsp;<\/p>\n<div style=\"width: 640px;\" class=\"wp-video\"><!--[if lt IE 9]><script>document.createElement('video');<\/script><![endif]-->\n<video class=\"wp-video-shortcode\" id=\"video-436-1\" width=\"640\" height=\"352\" preload=\"metadata\" controls=\"controls\"><source type=\"video\/mp4\" src=\"http:\/\/agora.xtec.cat\/escolamestralvilanova\/wp-content\/uploads\/usu729\/2017\/10\/prego-sise-.mp4?_=1\" \/><a href=\"http:\/\/agora.xtec.cat\/escolamestralvilanova\/wp-content\/uploads\/usu729\/2017\/10\/prego-sise-.mp4\">http:\/\/agora.xtec.cat\/escolamestralvilanova\/wp-content\/uploads\/usu729\/2017\/10\/prego-sise-.mp4<\/a><\/video><\/div>\n","protected":false},"excerpt":{"rendered":"<p>Els alumnes de sis\u00e8 han fet el preg\u00f3 anunciant la venda de &#8220;Mestralines&#8221;, les magdalenes de poma que hem estat elaborant entre tots aquests dies.<br \/>\n&nbsp;<br \/>\n<a href=\"http:\/\/agora.xtec.cat\/escolamestralvilanova\/wp-content\/uploads\/usu729\/2017\/10\/prego-sise-.mp4\">http:\/\/agora.xtec.cat\/escolamestralvilanova\/wp-content\/uploads\/usu729\/2017\/10\/prego-sise-.mp4<\/a><\/p>\n","protected":false},"author":1,"featured_media":0,"comment_status":"open","ping_status":"closed","sticky":false,"template":"","format":"standard","meta":{"_bbp_topic_count":0,"_bbp_reply_count":0,"_bbp_total_topic_count":0,"_bbp_total_reply_count":0,"_bbp_voice_count":0,"_bbp_anonymous_reply_count":0,"_bbp_topic_count_hidden":0,"_bbp_reply_count_hidden":0,"_bbp_forum_subforum_count":0,"footnotes":""},"categories":[1,4],"tags":[],"class_list":["post-436","post","type-post","status-publish","format-standard","hentry","category-general","category-portada"],"post_mailing_queue_ids":[],"_links":{"self":[{"href":"https:\/\/agora.xtec.cat\/escolamestralvilanova\/wp-json\/wp\/v2\/posts\/436","targetHints":{"allow":["GET"]}}],"collection":[{"href":"https:\/\/agora.xtec.cat\/escolamestralvilanova\/wp-json\/wp\/v2\/posts"}],"about":[{"href":"https:\/\/agora.xtec.cat\/escolamestralvilanova\/wp-json\/wp\/v2\/types\/post"}],"author":[{"embeddable":true,"href":"https:\/\/agora.xtec.cat\/escolamestralvilanova\/wp-json\/wp\/v2\/users\/1"}],"replies":[{"embeddable":true,"href":"https:\/\/agora.xtec.cat\/escolamestralvilanova\/wp-json\/wp\/v2\/comments?post=436"}],"version-history":[{"count":1,"href":"https:\/\/agora.xtec.cat\/escolamestralvilanova\/wp-json\/wp\/v2\/posts\/436\/revisions"}],"predecessor-version":[{"id":438,"href":"https:\/\/agora.xtec.cat\/escolamestralvilanova\/wp-json\/wp\/v2\/posts\/436\/revisions\/438"}],"wp:attachment":[{"href":"https:\/\/agora.xtec.cat\/escolamestralvilanova\/wp-json\/wp\/v2\/media?parent=436"}],"wp:term":[{"taxonomy":"category","embeddable":true,"href":"https:\/\/agora.xtec.cat\/escolamestralvilanova\/wp-json\/wp\/v2\/categories?post=436"},{"taxonomy":"post_tag","embeddable":true,"href":"https:\/\/agora.xtec.cat\/escolamestralvilanova\/wp-json\/wp\/v2\/tags?post=436"}],"curies":[{"name":"wp","href":"https:\/\/api.w.org\/{rel}","templated":true}]}}