{"id":4348,"date":"2020-12-16T15:50:38","date_gmt":"2020-12-16T14:50:38","guid":{"rendered":"http:\/\/agora.xtec.cat\/escolamestralvilanova\/?p=4348"},"modified":"2020-12-16T15:51:05","modified_gmt":"2020-12-16T14:51:05","slug":"els-oficis-dels-nostres-pares-i-mares","status":"publish","type":"post","link":"https:\/\/agora.xtec.cat\/escolamestralvilanova\/general\/els-oficis-dels-nostres-pares-i-mares\/","title":{"rendered":"ELS OFICIS DELS NOSTRES PARES I MARES!"},"content":{"rendered":"<p>Els alumnes de primer hem estat treballant el centre d&#8217;inter\u00e8s de LA FAM\u00cdLIA i hem pensat a qu\u00e8 ens agradaria dedicar-nos quan siguem grans.<\/p>\n<p>A la nostra conversa van sorgir els oficis dels nostres pares i mares i amb aquest motiu hem demanat a la fam\u00edlies que participessin amb el nostres centre d&#8217;inter\u00e8s. Hem rebut molts v\u00eddeos i fotos explicant-nos els vostres oficis i en qu\u00e8 consisteixen.<\/p>\n<p>Aquesta tarda hem fet el visionat i els hem comentat. Els hi fet molta il\u00b7lusi\u00f3 poder compartir aquesta activitat amb vosaltres!<\/p>\n<p>Moltes gr\u00e0cies per la vostra col\u00b7laboraci\u00f3!<\/p>\n<ul>\n<li><a href=\"https:\/\/photos.app.goo.gl\/C96LfhSsqxTgwZvt8\">ENLLA\u00c7 A LES FOTOGRAFIES<\/a><\/li>\n<\/ul>\n<p><a href=\"https:\/\/agora.xtec.cat\/escolamestralvilanova\/wp-content\/uploads\/usu729\/2020\/12\/IMG-5246.jpg\"><img loading=\"lazy\" decoding=\"async\" class=\"alignnone wp-image-4349 size-medium\" src=\"https:\/\/agora.xtec.cat\/escolamestralvilanova\/wp-content\/uploads\/usu729\/2020\/12\/IMG-5246-300x281.jpg\" alt=\"\" width=\"300\" height=\"281\" srcset=\"https:\/\/agora.xtec.cat\/escolamestralvilanova\/wp-content\/uploads\/usu729\/2020\/12\/IMG-5246-300x281.jpg 300w, https:\/\/agora.xtec.cat\/escolamestralvilanova\/wp-content\/uploads\/usu729\/2020\/12\/IMG-5246-768x719.jpg 768w, https:\/\/agora.xtec.cat\/escolamestralvilanova\/wp-content\/uploads\/usu729\/2020\/12\/IMG-5246-1024x959.jpg 1024w, https:\/\/agora.xtec.cat\/escolamestralvilanova\/wp-content\/uploads\/usu729\/2020\/12\/IMG-5246.jpg 1800w\" sizes=\"auto, (max-width: 300px) 100vw, 300px\" \/><\/a><\/p>\n","protected":false},"excerpt":{"rendered":"<p>Els alumnes de primer hem estat treballant el centre d&#8217;inter\u00e8s de LA FAM\u00cdLIA i hem pensat a qu\u00e8 ens agradaria dedicar-nos quan siguem grans.<br \/>\nA la nostra conversa van sorgir els oficis dels nostres pares i mares i amb aquest motiu hem demanat a la fam\u00edlies&hellip;  <a href=\"https:\/\/agora.xtec.cat\/escolamestralvilanova\/general\/els-oficis-dels-nostres-pares-i-mares\/\" title=\"Read ELS OFICIS DELS NOSTRES PARES I MARES!\">Llegeix m\u00e9s\u00bb<\/a><\/p>\n","protected":false},"author":6,"featured_media":0,"comment_status":"open","ping_status":"closed","sticky":false,"template":"","format":"standard","meta":{"_bbp_topic_count":0,"_bbp_reply_count":0,"_bbp_total_topic_count":0,"_bbp_total_reply_count":0,"_bbp_voice_count":0,"_bbp_anonymous_reply_count":0,"_bbp_topic_count_hidden":0,"_bbp_reply_count_hidden":0,"_bbp_forum_subforum_count":0,"footnotes":""},"categories":[10,1,4,5],"tags":[],"class_list":["post-4348","post","type-post","status-publish","format-standard","hentry","category-ei5-primer","category-general","category-portada","category-primaria"],"post_mailing_queue_ids":[],"_links":{"self":[{"href":"https:\/\/agora.xtec.cat\/escolamestralvilanova\/wp-json\/wp\/v2\/posts\/4348","targetHints":{"allow":["GET"]}}],"collection":[{"href":"https:\/\/agora.xtec.cat\/escolamestralvilanova\/wp-json\/wp\/v2\/posts"}],"about":[{"href":"https:\/\/agora.xtec.cat\/escolamestralvilanova\/wp-json\/wp\/v2\/types\/post"}],"author":[{"embeddable":true,"href":"https:\/\/agora.xtec.cat\/escolamestralvilanova\/wp-json\/wp\/v2\/users\/6"}],"replies":[{"embeddable":true,"href":"https:\/\/agora.xtec.cat\/escolamestralvilanova\/wp-json\/wp\/v2\/comments?post=4348"}],"version-history":[{"count":3,"href":"https:\/\/agora.xtec.cat\/escolamestralvilanova\/wp-json\/wp\/v2\/posts\/4348\/revisions"}],"predecessor-version":[{"id":4352,"href":"https:\/\/agora.xtec.cat\/escolamestralvilanova\/wp-json\/wp\/v2\/posts\/4348\/revisions\/4352"}],"wp:attachment":[{"href":"https:\/\/agora.xtec.cat\/escolamestralvilanova\/wp-json\/wp\/v2\/media?parent=4348"}],"wp:term":[{"taxonomy":"category","embeddable":true,"href":"https:\/\/agora.xtec.cat\/escolamestralvilanova\/wp-json\/wp\/v2\/categories?post=4348"},{"taxonomy":"post_tag","embeddable":true,"href":"https:\/\/agora.xtec.cat\/escolamestralvilanova\/wp-json\/wp\/v2\/tags?post=4348"}],"curies":[{"name":"wp","href":"https:\/\/api.w.org\/{rel}","templated":true}]}}