{"id":4345,"date":"2020-12-15T16:46:28","date_gmt":"2020-12-15T15:46:28","guid":{"rendered":"http:\/\/agora.xtec.cat\/escolamestralvilanova\/?p=4345"},"modified":"2020-12-15T16:46:48","modified_gmt":"2020-12-15T15:46:48","slug":"el-pau-fa-2-anys","status":"publish","type":"post","link":"https:\/\/agora.xtec.cat\/escolamestralvilanova\/infantil\/el-pau-fa-2-anys\/","title":{"rendered":"EL PAU FA 2 ANYS!"},"content":{"rendered":"<p style=\"text-align: justify;\">Avui els infants de l&#8217;escoleta hem celebrat l&#8217;aniversari del Pau!<img decoding=\"async\" class=\"CToWUd\" src=\"https:\/\/mail.google.com\/mail\/e\/1f382\" alt=\"\ud83c\udf82\" data-goomoji=\"1f382\" data-image-whitelisted=\"\" \/>\u00a0Li hem decorat una corona i pintat una fusteta com a regal!<br \/>\nTamb\u00e9 li hem cantat i ballat la can\u00e7\u00f3: &#8220;Avui fas anys&#8221; de Dijous paella i ho hem celebrat jugant amb globus i confeti!! S&#8217;ho han passat pipa!\u00a0<img decoding=\"async\" class=\"CToWUd\" src=\"https:\/\/mail.google.com\/mail\/e\/1f389\" alt=\"\ud83c\udf89\" data-goomoji=\"1f389\" data-image-whitelisted=\"\" \/><img decoding=\"async\" class=\"CToWUd\" src=\"https:\/\/mail.google.com\/mail\/e\/1f388\" alt=\"\ud83c\udf88\" data-goomoji=\"1f388\" data-image-whitelisted=\"\" \/><br \/>\nA m\u00e9s, hem pogut veure una foto d&#8217;ell quan era m\u00e9s petit i una d&#8217;actual amb la seva fam\u00edlia! Tamb\u00e9 ens ha regalat un arbre de Nadal de feltre per jugar a enganxar-hi boles, estrelles, regals&#8230; Ens ha agradat molt, gr\u00e0cies fam\u00edlia!\u00a0<img decoding=\"async\" class=\"CToWUd\" src=\"https:\/\/mail.google.com\/mail\/e\/1f384\" alt=\"\ud83c\udf84\" data-goomoji=\"1f384\" data-image-whitelisted=\"\" \/><\/p>\n<ul>\n<li><a href=\"https:\/\/photos.app.goo.gl\/s12LdwRxGSjH7KvN6\">ENLLA\u00c7 A LES FOTOGRAFIES<\/a><\/li>\n<\/ul>\n<p><a href=\"https:\/\/photos.app.goo.gl\/s12LdwRxGSjH7KvN6\"><img loading=\"lazy\" decoding=\"async\" class=\"alignnone size-medium wp-image-4346\" src=\"https:\/\/agora.xtec.cat\/escolamestralvilanova\/wp-content\/uploads\/usu729\/2020\/12\/IMG_20201215_103313-300x300.jpg\" alt=\"\" width=\"300\" height=\"300\" srcset=\"https:\/\/agora.xtec.cat\/escolamestralvilanova\/wp-content\/uploads\/usu729\/2020\/12\/IMG_20201215_103313-300x300.jpg 300w, https:\/\/agora.xtec.cat\/escolamestralvilanova\/wp-content\/uploads\/usu729\/2020\/12\/IMG_20201215_103313-150x150.jpg 150w, https:\/\/agora.xtec.cat\/escolamestralvilanova\/wp-content\/uploads\/usu729\/2020\/12\/IMG_20201215_103313-768x768.jpg 768w, https:\/\/agora.xtec.cat\/escolamestralvilanova\/wp-content\/uploads\/usu729\/2020\/12\/IMG_20201215_103313-1024x1024.jpg 1024w\" sizes=\"auto, (max-width: 300px) 100vw, 300px\" \/><\/a><\/p>\n","protected":false},"excerpt":{"rendered":"<p>Avui els infants de l&#8217;escoleta hem celebrat l&#8217;aniversari del Pau!\u00a0Li hem decorat una corona i pintat una fusteta com a regal!<br \/>\nTamb\u00e9 li hem cantat i ballat la can\u00e7\u00f3: &#8220;Avui fas anys&#8221; de Dijous paella i ho hem celebrat jugant amb globus i confeti!! S&#8217;ho han&hellip;  <a href=\"https:\/\/agora.xtec.cat\/escolamestralvilanova\/infantil\/el-pau-fa-2-anys\/\" title=\"Read EL PAU FA 2 ANYS!\">Llegeix m\u00e9s\u00bb<\/a><\/p>\n","protected":false},"author":1,"featured_media":0,"comment_status":"open","ping_status":"closed","sticky":false,"template":"","format":"standard","meta":{"_bbp_topic_count":0,"_bbp_reply_count":0,"_bbp_total_topic_count":0,"_bbp_total_reply_count":0,"_bbp_voice_count":0,"_bbp_anonymous_reply_count":0,"_bbp_topic_count_hidden":0,"_bbp_reply_count_hidden":0,"_bbp_forum_subforum_count":0,"footnotes":""},"categories":[14,59,2,4],"tags":[],"class_list":["post-4345","post","type-post","status-publish","format-standard","hentry","category-ei1-ei2","category-primer-cicle-ed-infantil","category-infantil","category-portada"],"post_mailing_queue_ids":[],"_links":{"self":[{"href":"https:\/\/agora.xtec.cat\/escolamestralvilanova\/wp-json\/wp\/v2\/posts\/4345","targetHints":{"allow":["GET"]}}],"collection":[{"href":"https:\/\/agora.xtec.cat\/escolamestralvilanova\/wp-json\/wp\/v2\/posts"}],"about":[{"href":"https:\/\/agora.xtec.cat\/escolamestralvilanova\/wp-json\/wp\/v2\/types\/post"}],"author":[{"embeddable":true,"href":"https:\/\/agora.xtec.cat\/escolamestralvilanova\/wp-json\/wp\/v2\/users\/1"}],"replies":[{"embeddable":true,"href":"https:\/\/agora.xtec.cat\/escolamestralvilanova\/wp-json\/wp\/v2\/comments?post=4345"}],"version-history":[{"count":1,"href":"https:\/\/agora.xtec.cat\/escolamestralvilanova\/wp-json\/wp\/v2\/posts\/4345\/revisions"}],"predecessor-version":[{"id":4347,"href":"https:\/\/agora.xtec.cat\/escolamestralvilanova\/wp-json\/wp\/v2\/posts\/4345\/revisions\/4347"}],"wp:attachment":[{"href":"https:\/\/agora.xtec.cat\/escolamestralvilanova\/wp-json\/wp\/v2\/media?parent=4345"}],"wp:term":[{"taxonomy":"category","embeddable":true,"href":"https:\/\/agora.xtec.cat\/escolamestralvilanova\/wp-json\/wp\/v2\/categories?post=4345"},{"taxonomy":"post_tag","embeddable":true,"href":"https:\/\/agora.xtec.cat\/escolamestralvilanova\/wp-json\/wp\/v2\/tags?post=4345"}],"curies":[{"name":"wp","href":"https:\/\/api.w.org\/{rel}","templated":true}]}}