{"id":4336,"date":"2020-12-15T15:26:06","date_gmt":"2020-12-15T14:26:06","guid":{"rendered":"http:\/\/agora.xtec.cat\/escolamestralvilanova\/?p=4336"},"modified":"2020-12-15T15:26:34","modified_gmt":"2020-12-15T14:26:34","slug":"col%c2%b7laborem-amb-caritas","status":"publish","type":"post","link":"https:\/\/agora.xtec.cat\/escolamestralvilanova\/infantil\/col%c2%b7laborem-amb-caritas\/","title":{"rendered":"COL\u00b7LABOREM AMB C\u00c0RITAS"},"content":{"rendered":"<p class=\"gmail_default\" style=\"text-align: justify;\">Aprofitant que s&#8217;acosten les festes de Nadal us fem arribar informaci\u00f3 sobre una campanya de\u00a0<b>RECOLLIDA D&#8217;ALIMENTS<\/b>\u00a0organitzada per C\u00e0ritas que es dur\u00e0 a terme a la Parr\u00f2quia de Vilanova de la Barca.<\/p>\n<p class=\"gmail_default\" style=\"text-align: justify;\">Aquesta campanya t\u00e9 com a objectiu principal recollir aliments o fer donatius per tal de poder fer arribar aquests aliments a les fam\u00edlies i persones que m\u00e9s ho necessiten per tal que tothom pugui tenir el millor Nadal possible.<\/p>\n<p class=\"gmail_default\" style=\"text-align: justify;\">En aquest correu us adjuntem la informaci\u00f3 per tal que les fam\u00edlies que vulgueu participar pugueu.<\/p>\n<p><img loading=\"lazy\" decoding=\"async\" class=\"alignnone size-medium wp-image-4337\" src=\"https:\/\/agora.xtec.cat\/escolamestralvilanova\/wp-content\/uploads\/usu729\/2020\/12\/c\u00e0ritas-212x300.jpg\" alt=\"\" width=\"212\" height=\"300\" srcset=\"https:\/\/agora.xtec.cat\/escolamestralvilanova\/wp-content\/uploads\/usu729\/2020\/12\/c\u00e0ritas-212x300.jpg 212w, https:\/\/agora.xtec.cat\/escolamestralvilanova\/wp-content\/uploads\/usu729\/2020\/12\/c\u00e0ritas-768x1086.jpg 768w, https:\/\/agora.xtec.cat\/escolamestralvilanova\/wp-content\/uploads\/usu729\/2020\/12\/c\u00e0ritas-724x1024.jpg 724w\" sizes=\"auto, (max-width: 212px) 100vw, 212px\" \/> <img loading=\"lazy\" decoding=\"async\" class=\"alignnone size-medium wp-image-4338\" src=\"https:\/\/agora.xtec.cat\/escolamestralvilanova\/wp-content\/uploads\/usu729\/2020\/12\/c\u00e0ritas25-212x300.jpg\" alt=\"\" width=\"212\" height=\"300\" srcset=\"https:\/\/agora.xtec.cat\/escolamestralvilanova\/wp-content\/uploads\/usu729\/2020\/12\/c\u00e0ritas25-212x300.jpg 212w, https:\/\/agora.xtec.cat\/escolamestralvilanova\/wp-content\/uploads\/usu729\/2020\/12\/c\u00e0ritas25-768x1086.jpg 768w, https:\/\/agora.xtec.cat\/escolamestralvilanova\/wp-content\/uploads\/usu729\/2020\/12\/c\u00e0ritas25-724x1024.jpg 724w\" sizes=\"auto, (max-width: 212px) 100vw, 212px\" \/><\/p>\n","protected":false},"excerpt":{"rendered":"<p>Aprofitant que s&#8217;acosten les festes de Nadal us fem arribar informaci\u00f3 sobre una campanya de\u00a0RECOLLIDA D&#8217;ALIMENTS\u00a0organitzada per C\u00e0ritas que es dur\u00e0 a terme a la Parr\u00f2quia de Vilanova de la Barca.<br \/>\nAquesta campanya t\u00e9 com a objectiu principal recollir aliments o fer donatius per tal de&hellip;  <a href=\"https:\/\/agora.xtec.cat\/escolamestralvilanova\/infantil\/col%c2%b7laborem-amb-caritas\/\" title=\"Read COL\u00b7LABOREM AMB C\u00c0RITAS\">Llegeix m\u00e9s\u00bb<\/a><\/p>\n","protected":false},"author":1,"featured_media":0,"comment_status":"open","ping_status":"closed","sticky":false,"template":"","format":"standard","meta":{"_bbp_topic_count":0,"_bbp_reply_count":0,"_bbp_total_topic_count":0,"_bbp_total_reply_count":0,"_bbp_voice_count":0,"_bbp_anonymous_reply_count":0,"_bbp_topic_count_hidden":0,"_bbp_reply_count_hidden":0,"_bbp_forum_subforum_count":0,"footnotes":""},"categories":[13,11,12,15,3,14,8,9,10,2,4,5],"tags":[],"class_list":["post-4336","post","type-post","status-publish","format-standard","hentry","category-cinque","category-cicle-inicial","category-tercer-quart","category-cicle-superior","category-ei3-ei4-ei5","category-ei1-ei2","category-ei4","category-ei5","category-ei5-primer","category-infantil","category-portada","category-primaria"],"post_mailing_queue_ids":[],"_links":{"self":[{"href":"https:\/\/agora.xtec.cat\/escolamestralvilanova\/wp-json\/wp\/v2\/posts\/4336","targetHints":{"allow":["GET"]}}],"collection":[{"href":"https:\/\/agora.xtec.cat\/escolamestralvilanova\/wp-json\/wp\/v2\/posts"}],"about":[{"href":"https:\/\/agora.xtec.cat\/escolamestralvilanova\/wp-json\/wp\/v2\/types\/post"}],"author":[{"embeddable":true,"href":"https:\/\/agora.xtec.cat\/escolamestralvilanova\/wp-json\/wp\/v2\/users\/1"}],"replies":[{"embeddable":true,"href":"https:\/\/agora.xtec.cat\/escolamestralvilanova\/wp-json\/wp\/v2\/comments?post=4336"}],"version-history":[{"count":2,"href":"https:\/\/agora.xtec.cat\/escolamestralvilanova\/wp-json\/wp\/v2\/posts\/4336\/revisions"}],"predecessor-version":[{"id":4340,"href":"https:\/\/agora.xtec.cat\/escolamestralvilanova\/wp-json\/wp\/v2\/posts\/4336\/revisions\/4340"}],"wp:attachment":[{"href":"https:\/\/agora.xtec.cat\/escolamestralvilanova\/wp-json\/wp\/v2\/media?parent=4336"}],"wp:term":[{"taxonomy":"category","embeddable":true,"href":"https:\/\/agora.xtec.cat\/escolamestralvilanova\/wp-json\/wp\/v2\/categories?post=4336"},{"taxonomy":"post_tag","embeddable":true,"href":"https:\/\/agora.xtec.cat\/escolamestralvilanova\/wp-json\/wp\/v2\/tags?post=4336"}],"curies":[{"name":"wp","href":"https:\/\/api.w.org\/{rel}","templated":true}]}}