{"id":4334,"date":"2020-12-15T15:40:46","date_gmt":"2020-12-15T14:40:46","guid":{"rendered":"http:\/\/agora.xtec.cat\/escolamestralvilanova\/?p=4334"},"modified":"2020-12-15T15:40:52","modified_gmt":"2020-12-15T14:40:52","slug":"arriba-el-tio-a-lescola","status":"publish","type":"post","link":"https:\/\/agora.xtec.cat\/escolamestralvilanova\/general\/arriba-el-tio-a-lescola\/","title":{"rendered":"ARRIBA EL TI\u00d3 A L&#8217;ESCOLA!"},"content":{"rendered":"<p>Aquesta tarda hem rebut una carta molt especial. El ti\u00f3 ens ha dit que estava al voltant de l&#8217;escola i ens ha donat pistes per anar-lo a trobar.<\/p>\n<p>Ens hem emocionat molt al rebre la carta!<\/p>\n<p>L&#8217;hem anat a buscar i l&#8217;hem trobat al costat de l&#8217;olivera que hi ha aprop de l&#8217;escola. Ja el tenim a dins ben calent\u00f3 i tapat. Durant aquest dies l&#8217;alimentarem molt b\u00e9 perqu\u00e8 ens cagui coses ben boniques!<\/p>\n<p><a href=\"https:\/\/agora.xtec.cat\/escolamestralvilanova\/wp-content\/uploads\/usu729\/2020\/12\/collage-1.png\"><img loading=\"lazy\" decoding=\"async\" class=\"wp-image-4343 size-medium aligncenter\" src=\"https:\/\/agora.xtec.cat\/escolamestralvilanova\/wp-content\/uploads\/usu729\/2020\/12\/collage-1-209x300.png\" alt=\"\" width=\"209\" height=\"300\" srcset=\"https:\/\/agora.xtec.cat\/escolamestralvilanova\/wp-content\/uploads\/usu729\/2020\/12\/collage-1-209x300.png 209w, https:\/\/agora.xtec.cat\/escolamestralvilanova\/wp-content\/uploads\/usu729\/2020\/12\/collage-1.png 423w\" sizes=\"auto, (max-width: 209px) 100vw, 209px\" \/><\/a><\/p>\n","protected":false},"excerpt":{"rendered":"<p>Aquesta tarda hem rebut una carta molt especial. El ti\u00f3 ens ha dit que estava al voltant de l&#8217;escola i ens ha donat pistes per anar-lo a trobar.<br \/>\nEns hem emocionat molt al rebre la carta!<br \/>\nL&#8217;hem anat a buscar i l&#8217;hem trobat al costat de l&#8217;olivera&hellip;  <a href=\"https:\/\/agora.xtec.cat\/escolamestralvilanova\/general\/arriba-el-tio-a-lescola\/\" title=\"Read ARRIBA EL TI\u00d3 A L&#8217;ESCOLA!\">Llegeix m\u00e9s\u00bb<\/a><\/p>\n","protected":false},"author":1,"featured_media":0,"comment_status":"open","ping_status":"closed","sticky":false,"template":"","format":"standard","meta":{"_bbp_topic_count":0,"_bbp_reply_count":0,"_bbp_total_topic_count":0,"_bbp_total_reply_count":0,"_bbp_voice_count":0,"_bbp_anonymous_reply_count":0,"_bbp_topic_count_hidden":0,"_bbp_reply_count_hidden":0,"_bbp_forum_subforum_count":0,"footnotes":""},"categories":[11,10,1,4,5],"tags":[],"class_list":["post-4334","post","type-post","status-publish","format-standard","hentry","category-cicle-inicial","category-ei5-primer","category-general","category-portada","category-primaria"],"post_mailing_queue_ids":[],"_links":{"self":[{"href":"https:\/\/agora.xtec.cat\/escolamestralvilanova\/wp-json\/wp\/v2\/posts\/4334","targetHints":{"allow":["GET"]}}],"collection":[{"href":"https:\/\/agora.xtec.cat\/escolamestralvilanova\/wp-json\/wp\/v2\/posts"}],"about":[{"href":"https:\/\/agora.xtec.cat\/escolamestralvilanova\/wp-json\/wp\/v2\/types\/post"}],"author":[{"embeddable":true,"href":"https:\/\/agora.xtec.cat\/escolamestralvilanova\/wp-json\/wp\/v2\/users\/1"}],"replies":[{"embeddable":true,"href":"https:\/\/agora.xtec.cat\/escolamestralvilanova\/wp-json\/wp\/v2\/comments?post=4334"}],"version-history":[{"count":3,"href":"https:\/\/agora.xtec.cat\/escolamestralvilanova\/wp-json\/wp\/v2\/posts\/4334\/revisions"}],"predecessor-version":[{"id":4344,"href":"https:\/\/agora.xtec.cat\/escolamestralvilanova\/wp-json\/wp\/v2\/posts\/4334\/revisions\/4344"}],"wp:attachment":[{"href":"https:\/\/agora.xtec.cat\/escolamestralvilanova\/wp-json\/wp\/v2\/media?parent=4334"}],"wp:term":[{"taxonomy":"category","embeddable":true,"href":"https:\/\/agora.xtec.cat\/escolamestralvilanova\/wp-json\/wp\/v2\/categories?post=4334"},{"taxonomy":"post_tag","embeddable":true,"href":"https:\/\/agora.xtec.cat\/escolamestralvilanova\/wp-json\/wp\/v2\/tags?post=4334"}],"curies":[{"name":"wp","href":"https:\/\/api.w.org\/{rel}","templated":true}]}}