{"id":4323,"date":"2020-12-15T09:11:43","date_gmt":"2020-12-15T08:11:43","guid":{"rendered":"http:\/\/agora.xtec.cat\/escolamestralvilanova\/?p=4323"},"modified":"2020-12-15T13:53:19","modified_gmt":"2020-12-15T12:53:19","slug":"arriba-el-tio-2","status":"publish","type":"post","link":"https:\/\/agora.xtec.cat\/escolamestralvilanova\/infantil\/arriba-el-tio-2\/","title":{"rendered":"ARRIBA EL TI\u00d3 A L&#8217;ESCOLETA"},"content":{"rendered":"<p style=\"text-align: justify;\">Aquest mat\u00ed els nens de l&#8217;escoleta ens hem trobat una carta del ti\u00f3 al calendari d&#8217;Advent! En ella ens ha escrit que s&#8217;ha perdut venint i que ha deixat unes PISTES pel cam\u00ed per tal de trobar-lo m\u00e9s aviat. Aleshores pel cam\u00ed, hem anat trobant fletxes i mandarines que ens anaven indicant on es trobava! Finalment&#8230;l&#8217;hem trobat a l&#8217;hort!! Quina il\u00b7lusi\u00f3 ens ha fet a tots\/es!<img decoding=\"async\" class=\"CToWUd\" src=\"https:\/\/mail.google.com\/mail\/e\/263a\" alt=\"\u263a\" data-goomoji=\"263a\" data-image-whitelisted=\"\" \/><br \/>\nL&#8217;hem entrat a l&#8217;aula, li hem preparat un raco ben calentet tapat amb una manta i li hem donat mandarines.<\/p>\n<p style=\"text-align: justify;\">El cuidarem de valent!<img decoding=\"async\" class=\"CToWUd\" src=\"https:\/\/mail.google.com\/mail\/e\/2728\" alt=\"\u2728\" data-goomoji=\"2728\" data-image-whitelisted=\"\" \/><\/p>\n<ul>\n<li><a href=\"https:\/\/www.google.com\/url?q=https:\/\/photos.app.goo.gl\/KWmVUPhAp1fTfRsE6&amp;source=gmail&amp;ust=1608102668329000&amp;usg=AFQjCNGt8mzu7QuIk7cnyxfZ8wqTd3YjiQ\">ENLLA\u00c7 A LES FOTOGRAFIES<\/a><\/li>\n<\/ul>\n<p><a href=\"https:\/\/www.google.com\/url?q=https:\/\/photos.app.goo.gl\/KWmVUPhAp1fTfRsE6&amp;source=gmail&amp;ust=1608102668329000&amp;usg=AFQjCNGt8mzu7QuIk7cnyxfZ8wqTd3YjiQ\"><img loading=\"lazy\" decoding=\"async\" class=\"alignnone size-medium wp-image-4324\" src=\"https:\/\/agora.xtec.cat\/escolamestralvilanova\/wp-content\/uploads\/usu729\/2020\/12\/IMG_20201214_104412-300x300.jpg\" alt=\"\" width=\"300\" height=\"300\" srcset=\"https:\/\/agora.xtec.cat\/escolamestralvilanova\/wp-content\/uploads\/usu729\/2020\/12\/IMG_20201214_104412-300x300.jpg 300w, https:\/\/agora.xtec.cat\/escolamestralvilanova\/wp-content\/uploads\/usu729\/2020\/12\/IMG_20201214_104412-150x150.jpg 150w, https:\/\/agora.xtec.cat\/escolamestralvilanova\/wp-content\/uploads\/usu729\/2020\/12\/IMG_20201214_104412-768x768.jpg 768w, https:\/\/agora.xtec.cat\/escolamestralvilanova\/wp-content\/uploads\/usu729\/2020\/12\/IMG_20201214_104412-1024x1024.jpg 1024w\" sizes=\"auto, (max-width: 300px) 100vw, 300px\" \/><\/a><\/p>\n","protected":false},"excerpt":{"rendered":"<p>Aquest mat\u00ed els nens de l&#8217;escoleta ens hem trobat una carta del ti\u00f3 al calendari d&#8217;Advent! En ella ens ha escrit que s&#8217;ha perdut venint i que ha deixat unes PISTES pel cam\u00ed per tal de trobar-lo m\u00e9s aviat. Aleshores pel cam\u00ed, hem anat trobant&hellip;  <a href=\"https:\/\/agora.xtec.cat\/escolamestralvilanova\/infantil\/arriba-el-tio-2\/\" title=\"Read ARRIBA EL TI\u00d3 A L&#8217;ESCOLETA\">Llegeix m\u00e9s\u00bb<\/a><\/p>\n","protected":false},"author":1,"featured_media":0,"comment_status":"open","ping_status":"closed","sticky":false,"template":"","format":"standard","meta":{"_bbp_topic_count":0,"_bbp_reply_count":0,"_bbp_total_topic_count":0,"_bbp_total_reply_count":0,"_bbp_voice_count":0,"_bbp_anonymous_reply_count":0,"_bbp_topic_count_hidden":0,"_bbp_reply_count_hidden":0,"_bbp_forum_subforum_count":0,"footnotes":""},"categories":[14,59,2,4],"tags":[],"class_list":["post-4323","post","type-post","status-publish","format-standard","hentry","category-ei1-ei2","category-primer-cicle-ed-infantil","category-infantil","category-portada"],"post_mailing_queue_ids":[],"_links":{"self":[{"href":"https:\/\/agora.xtec.cat\/escolamestralvilanova\/wp-json\/wp\/v2\/posts\/4323","targetHints":{"allow":["GET"]}}],"collection":[{"href":"https:\/\/agora.xtec.cat\/escolamestralvilanova\/wp-json\/wp\/v2\/posts"}],"about":[{"href":"https:\/\/agora.xtec.cat\/escolamestralvilanova\/wp-json\/wp\/v2\/types\/post"}],"author":[{"embeddable":true,"href":"https:\/\/agora.xtec.cat\/escolamestralvilanova\/wp-json\/wp\/v2\/users\/1"}],"replies":[{"embeddable":true,"href":"https:\/\/agora.xtec.cat\/escolamestralvilanova\/wp-json\/wp\/v2\/comments?post=4323"}],"version-history":[{"count":2,"href":"https:\/\/agora.xtec.cat\/escolamestralvilanova\/wp-json\/wp\/v2\/posts\/4323\/revisions"}],"predecessor-version":[{"id":4330,"href":"https:\/\/agora.xtec.cat\/escolamestralvilanova\/wp-json\/wp\/v2\/posts\/4323\/revisions\/4330"}],"wp:attachment":[{"href":"https:\/\/agora.xtec.cat\/escolamestralvilanova\/wp-json\/wp\/v2\/media?parent=4323"}],"wp:term":[{"taxonomy":"category","embeddable":true,"href":"https:\/\/agora.xtec.cat\/escolamestralvilanova\/wp-json\/wp\/v2\/categories?post=4323"},{"taxonomy":"post_tag","embeddable":true,"href":"https:\/\/agora.xtec.cat\/escolamestralvilanova\/wp-json\/wp\/v2\/tags?post=4323"}],"curies":[{"name":"wp","href":"https:\/\/api.w.org\/{rel}","templated":true}]}}