{"id":4320,"date":"2020-12-11T17:50:37","date_gmt":"2020-12-11T16:50:37","guid":{"rendered":"http:\/\/agora.xtec.cat\/escolamestralvilanova\/?p=4320"},"modified":"2020-12-15T08:15:03","modified_gmt":"2020-12-15T07:15:03","slug":"arcs-de-sant-marti","status":"publish","type":"post","link":"https:\/\/agora.xtec.cat\/escolamestralvilanova\/infantil\/arcs-de-sant-marti\/","title":{"rendered":"ARCS DE SANT MART\u00cd"},"content":{"rendered":"<p>Amb motiu del conte El M\u00e0gic d&#8217;Oz que estem treballant tota l&#8217;escola, cada classe ha decidit disfra\u00e7ar-se d&#8217;una tem\u00e0tica del conte i ballar una can\u00e7\u00f3!<\/p>\n<p>Els infants de E1 i E2 ens hem vestits d&#8217;ARCS DE SANT MART\u00cd que vam elaborar nosaltres i hem cantat i ballat la can\u00e7\u00f3 del Pot Petit: &#8220;Colors de l&#8217;Arc de Sant Mart\u00ed&#8221;! <img decoding=\"async\" class=\"CToWUd\" src=\"https:\/\/mail.google.com\/mail\/e\/1f308\" alt=\"\ud83c\udf08\" data-goomoji=\"1f308\" data-image-whitelisted=\"\" \/><br \/>\nAviat en veureu el v\u00eddeo final junt amb tota l&#8217;escola!<\/p>\n<ul>\n<li><a href=\"https:\/\/photos.app.goo.gl\/9MeVxmZ78XN3j7xf8\">ENLLA\u00c7 A LES FOTOGRAFIES<\/a><\/li>\n<\/ul>\n<p><a href=\"https:\/\/photos.app.goo.gl\/9MeVxmZ78XN3j7xf8\"><img loading=\"lazy\" decoding=\"async\" class=\"alignnone size-medium wp-image-4321\" src=\"https:\/\/agora.xtec.cat\/escolamestralvilanova\/wp-content\/uploads\/usu729\/2020\/12\/IMG_20201211_105911-300x274.jpg\" alt=\"\" width=\"300\" height=\"274\" srcset=\"https:\/\/agora.xtec.cat\/escolamestralvilanova\/wp-content\/uploads\/usu729\/2020\/12\/IMG_20201211_105911-300x274.jpg 300w, https:\/\/agora.xtec.cat\/escolamestralvilanova\/wp-content\/uploads\/usu729\/2020\/12\/IMG_20201211_105911-768x702.jpg 768w, https:\/\/agora.xtec.cat\/escolamestralvilanova\/wp-content\/uploads\/usu729\/2020\/12\/IMG_20201211_105911-1024x936.jpg 1024w\" sizes=\"auto, (max-width: 300px) 100vw, 300px\" \/><\/a><\/p>\n","protected":false},"excerpt":{"rendered":"<p>Amb motiu del conte El M\u00e0gic d&#8217;Oz que estem treballant tota l&#8217;escola, cada classe ha decidit disfra\u00e7ar-se d&#8217;una tem\u00e0tica del conte i ballar una can\u00e7\u00f3!<br \/>\nEls infants de E1 i E2 ens hem vestits d&#8217;ARCS DE SANT MART\u00cd que vam elaborar nosaltres i hem cantat i&hellip;  <a href=\"https:\/\/agora.xtec.cat\/escolamestralvilanova\/infantil\/arcs-de-sant-marti\/\" title=\"Read ARCS DE SANT MART\u00cd\">Llegeix m\u00e9s\u00bb<\/a><\/p>\n","protected":false},"author":1,"featured_media":0,"comment_status":"open","ping_status":"closed","sticky":false,"template":"","format":"standard","meta":{"_bbp_topic_count":0,"_bbp_reply_count":0,"_bbp_total_topic_count":0,"_bbp_total_reply_count":0,"_bbp_voice_count":0,"_bbp_anonymous_reply_count":0,"_bbp_topic_count_hidden":0,"_bbp_reply_count_hidden":0,"_bbp_forum_subforum_count":0,"footnotes":""},"categories":[14,2,4],"tags":[],"class_list":["post-4320","post","type-post","status-publish","format-standard","hentry","category-ei1-ei2","category-infantil","category-portada"],"post_mailing_queue_ids":[],"_links":{"self":[{"href":"https:\/\/agora.xtec.cat\/escolamestralvilanova\/wp-json\/wp\/v2\/posts\/4320","targetHints":{"allow":["GET"]}}],"collection":[{"href":"https:\/\/agora.xtec.cat\/escolamestralvilanova\/wp-json\/wp\/v2\/posts"}],"about":[{"href":"https:\/\/agora.xtec.cat\/escolamestralvilanova\/wp-json\/wp\/v2\/types\/post"}],"author":[{"embeddable":true,"href":"https:\/\/agora.xtec.cat\/escolamestralvilanova\/wp-json\/wp\/v2\/users\/1"}],"replies":[{"embeddable":true,"href":"https:\/\/agora.xtec.cat\/escolamestralvilanova\/wp-json\/wp\/v2\/comments?post=4320"}],"version-history":[{"count":2,"href":"https:\/\/agora.xtec.cat\/escolamestralvilanova\/wp-json\/wp\/v2\/posts\/4320\/revisions"}],"predecessor-version":[{"id":4326,"href":"https:\/\/agora.xtec.cat\/escolamestralvilanova\/wp-json\/wp\/v2\/posts\/4320\/revisions\/4326"}],"wp:attachment":[{"href":"https:\/\/agora.xtec.cat\/escolamestralvilanova\/wp-json\/wp\/v2\/media?parent=4320"}],"wp:term":[{"taxonomy":"category","embeddable":true,"href":"https:\/\/agora.xtec.cat\/escolamestralvilanova\/wp-json\/wp\/v2\/categories?post=4320"},{"taxonomy":"post_tag","embeddable":true,"href":"https:\/\/agora.xtec.cat\/escolamestralvilanova\/wp-json\/wp\/v2\/tags?post=4320"}],"curies":[{"name":"wp","href":"https:\/\/api.w.org\/{rel}","templated":true}]}}