{"id":4316,"date":"2020-12-10T18:51:49","date_gmt":"2020-12-10T17:51:49","guid":{"rendered":"http:\/\/agora.xtec.cat\/escolamestralvilanova\/?p=4316"},"modified":"2020-12-10T18:52:22","modified_gmt":"2020-12-10T17:52:22","slug":"juguem-amb-les-llums-de-nadal","status":"publish","type":"post","link":"https:\/\/agora.xtec.cat\/escolamestralvilanova\/infantil\/juguem-amb-les-llums-de-nadal\/","title":{"rendered":"JUGUEM AMB LES LLUMS DE NADAL"},"content":{"rendered":"<p style=\"text-align: justify;\">Aquest mat\u00ed hem estat experimentant amb la m\u00e0gia d&#8217;aquesta \u00e8poca de l&#8217;any.<\/p>\n<p style=\"text-align: justify;\">A les fosques i amb llums de colors, polseres fluorescents, i una l\u00e0mpara que treia vapor d&#8217;aigua! Ens ha encantat! <img decoding=\"async\" class=\"CToWUd\" src=\"https:\/\/mail.google.com\/mail\/e\/1f384\" alt=\"\ud83c\udf84\" data-goomoji=\"1f384\" data-image-whitelisted=\"\" \/><img decoding=\"async\" class=\"CToWUd\" src=\"https:\/\/mail.google.com\/mail\/e\/2728\" alt=\"\u2728\" data-goomoji=\"2728\" data-image-whitelisted=\"\" \/><\/p>\n<ul>\n<li><a href=\"https:\/\/photos.google.com\/share\/AF1QipP2EpPSe7QKLN25Rly1kQ8u0h377ygHNEP2aFy4dBYZkEKcLJhgpGQk70UC8gPJ4A?key=UGhOMVJ3RjN3eTFQYUJVTm9lN1hLNUE2VEV4RUtB\">ENLLA\u00c7 A LES FOTOGRAFIES<\/a><\/li>\n<\/ul>\n<p><a href=\"https:\/\/photos.google.com\/share\/AF1QipP2EpPSe7QKLN25Rly1kQ8u0h377ygHNEP2aFy4dBYZkEKcLJhgpGQk70UC8gPJ4A?key=UGhOMVJ3RjN3eTFQYUJVTm9lN1hLNUE2VEV4RUtB\"><img loading=\"lazy\" decoding=\"async\" class=\"alignnone wp-image-4317 size-medium\" src=\"https:\/\/agora.xtec.cat\/escolamestralvilanova\/wp-content\/uploads\/usu729\/2020\/12\/IMG_20201210_102824-e1607622689360-300x169.jpg\" alt=\"\" width=\"300\" height=\"169\" srcset=\"https:\/\/agora.xtec.cat\/escolamestralvilanova\/wp-content\/uploads\/usu729\/2020\/12\/IMG_20201210_102824-e1607622689360-300x169.jpg 300w, https:\/\/agora.xtec.cat\/escolamestralvilanova\/wp-content\/uploads\/usu729\/2020\/12\/IMG_20201210_102824-e1607622689360-768x432.jpg 768w, https:\/\/agora.xtec.cat\/escolamestralvilanova\/wp-content\/uploads\/usu729\/2020\/12\/IMG_20201210_102824-e1607622689360-1024x576.jpg 1024w\" sizes=\"auto, (max-width: 300px) 100vw, 300px\" \/><\/a><\/p>\n","protected":false},"excerpt":{"rendered":"<p>Aquest mat\u00ed hem estat experimentant amb la m\u00e0gia d&#8217;aquesta \u00e8poca de l&#8217;any.<br \/>\nA les fosques i amb llums de colors, polseres fluorescents, i una l\u00e0mpara que treia vapor d&#8217;aigua! Ens ha encantat! <\/p>\n<ul>\n<li><a href=\"https:\/\/photos.google.com\/share\/AF1QipP2EpPSe7QKLN25Rly1kQ8u0h377ygHNEP2aFy4dBYZkEKcLJhgpGQk70UC8gPJ4A?key=UGhOMVJ3RjN3eTFQYUJVTm9lN1hLNUE2VEV4RUtB\">ENLLA\u00c7 A LES FOTOGRAFIES<\/a><\/li>\n<\/ul>\n<p><a href=\"https:\/\/photos.google.com\/share\/AF1QipP2EpPSe7QKLN25Rly1kQ8u0h377ygHNEP2aFy4dBYZkEKcLJhgpGQk70UC8gPJ4A?key=UGhOMVJ3RjN3eTFQYUJVTm9lN1hLNUE2VEV4RUtB\"><\/a><\/p>\n","protected":false},"author":1,"featured_media":0,"comment_status":"open","ping_status":"closed","sticky":false,"template":"","format":"standard","meta":{"_bbp_topic_count":0,"_bbp_reply_count":0,"_bbp_total_topic_count":0,"_bbp_total_reply_count":0,"_bbp_voice_count":0,"_bbp_anonymous_reply_count":0,"_bbp_topic_count_hidden":0,"_bbp_reply_count_hidden":0,"_bbp_forum_subforum_count":0,"footnotes":""},"categories":[14,59,2,4],"tags":[],"class_list":["post-4316","post","type-post","status-publish","format-standard","hentry","category-ei1-ei2","category-primer-cicle-ed-infantil","category-infantil","category-portada"],"post_mailing_queue_ids":[],"_links":{"self":[{"href":"https:\/\/agora.xtec.cat\/escolamestralvilanova\/wp-json\/wp\/v2\/posts\/4316","targetHints":{"allow":["GET"]}}],"collection":[{"href":"https:\/\/agora.xtec.cat\/escolamestralvilanova\/wp-json\/wp\/v2\/posts"}],"about":[{"href":"https:\/\/agora.xtec.cat\/escolamestralvilanova\/wp-json\/wp\/v2\/types\/post"}],"author":[{"embeddable":true,"href":"https:\/\/agora.xtec.cat\/escolamestralvilanova\/wp-json\/wp\/v2\/users\/1"}],"replies":[{"embeddable":true,"href":"https:\/\/agora.xtec.cat\/escolamestralvilanova\/wp-json\/wp\/v2\/comments?post=4316"}],"version-history":[{"count":2,"href":"https:\/\/agora.xtec.cat\/escolamestralvilanova\/wp-json\/wp\/v2\/posts\/4316\/revisions"}],"predecessor-version":[{"id":4319,"href":"https:\/\/agora.xtec.cat\/escolamestralvilanova\/wp-json\/wp\/v2\/posts\/4316\/revisions\/4319"}],"wp:attachment":[{"href":"https:\/\/agora.xtec.cat\/escolamestralvilanova\/wp-json\/wp\/v2\/media?parent=4316"}],"wp:term":[{"taxonomy":"category","embeddable":true,"href":"https:\/\/agora.xtec.cat\/escolamestralvilanova\/wp-json\/wp\/v2\/categories?post=4316"},{"taxonomy":"post_tag","embeddable":true,"href":"https:\/\/agora.xtec.cat\/escolamestralvilanova\/wp-json\/wp\/v2\/tags?post=4316"}],"curies":[{"name":"wp","href":"https:\/\/api.w.org\/{rel}","templated":true}]}}