{"id":4308,"date":"2020-12-09T09:00:59","date_gmt":"2020-12-09T08:00:59","guid":{"rendered":"http:\/\/agora.xtec.cat\/escolamestralvilanova\/?p=4308"},"modified":"2020-12-08T17:01:18","modified_gmt":"2020-12-08T16:01:18","slug":"recordem-john-lennon-imagine","status":"publish","type":"post","link":"https:\/\/agora.xtec.cat\/escolamestralvilanova\/portada\/recordem-john-lennon-imagine\/","title":{"rendered":"RECORDEM JOHN LENNON &#8220;IMAGINE&#8221;"},"content":{"rendered":"<p style=\"text-align: justify;\">Ahir dimarts 8 de desembre es van complir 40 anys de la mort de John Lennon. Lennon havia nascut a Liverpool (Regne Unit) el 1940, i va saltar a la fama mundial com a l\u00edder dels Beatles entre 1960 i 1970, un dels grups de pot m\u00e9s memorables. El 1969 es va casar amb l&#8217;artista japonesa Yoko Ono. Lennon va iniciar aleshores una carrera en solitari i va seguir comprom\u00e8s amb causes progressistes.<\/p>\n<p style=\"text-align: justify;\">Quaranta anys despr\u00e9s del seu assassinat el cantant continua viu a trav\u00e9s de les seves can\u00e7ons, ja sigui les que va fer en solitari o b\u00e9 amb Paul McCartney, Ringo Starr i George Harrison, encara continua ben present en el m\u00f3n musical i cultural.<\/p>\n<p style=\"text-align: justify;\">Per\u00f2 si \u00e9s recordat per algun tema, \u00e9s pel fam\u00f3s <em>Imagine<\/em>, que ha estat versionat arreu del m\u00f3n i que ha esdevingut un himne de la pau i contra la guerra.<\/p>\n<p>&nbsp;<\/p>\n<p><iframe loading=\"lazy\" width=\"560\" height=\"315\" src=\"https:\/\/www.youtube.com\/embed\/YkgkThdzX-8?start=40\" frameborder=\"0\" allow=\"accelerometer; autoplay; clipboard-write; encrypted-media; gyroscope; picture-in-picture\" allowfullscreen><\/iframe><\/p>\n","protected":false},"excerpt":{"rendered":"<p>Ahir dimarts 8 de desembre es van complir 40 anys de la mort de John Lennon. Lennon havia nascut a Liverpool (Regne Unit) el 1940, i va saltar a la fama mundial com a l\u00edder dels Beatles entre 1960 i 1970, un dels grups de&hellip;  <a href=\"https:\/\/agora.xtec.cat\/escolamestralvilanova\/portada\/recordem-john-lennon-imagine\/\" title=\"Read RECORDEM JOHN LENNON &#8220;IMAGINE&#8221;\">Llegeix m\u00e9s\u00bb<\/a><\/p>\n","protected":false},"author":1,"featured_media":0,"comment_status":"open","ping_status":"closed","sticky":false,"template":"","format":"standard","meta":{"_bbp_topic_count":0,"_bbp_reply_count":0,"_bbp_total_topic_count":0,"_bbp_total_reply_count":0,"_bbp_voice_count":0,"_bbp_anonymous_reply_count":0,"_bbp_topic_count_hidden":0,"_bbp_reply_count_hidden":0,"_bbp_forum_subforum_count":0,"footnotes":""},"categories":[53,4],"tags":[],"class_list":["post-4308","post","type-post","status-publish","format-standard","hentry","category-lespai-musical","category-portada"],"post_mailing_queue_ids":[],"_links":{"self":[{"href":"https:\/\/agora.xtec.cat\/escolamestralvilanova\/wp-json\/wp\/v2\/posts\/4308","targetHints":{"allow":["GET"]}}],"collection":[{"href":"https:\/\/agora.xtec.cat\/escolamestralvilanova\/wp-json\/wp\/v2\/posts"}],"about":[{"href":"https:\/\/agora.xtec.cat\/escolamestralvilanova\/wp-json\/wp\/v2\/types\/post"}],"author":[{"embeddable":true,"href":"https:\/\/agora.xtec.cat\/escolamestralvilanova\/wp-json\/wp\/v2\/users\/1"}],"replies":[{"embeddable":true,"href":"https:\/\/agora.xtec.cat\/escolamestralvilanova\/wp-json\/wp\/v2\/comments?post=4308"}],"version-history":[{"count":1,"href":"https:\/\/agora.xtec.cat\/escolamestralvilanova\/wp-json\/wp\/v2\/posts\/4308\/revisions"}],"predecessor-version":[{"id":4309,"href":"https:\/\/agora.xtec.cat\/escolamestralvilanova\/wp-json\/wp\/v2\/posts\/4308\/revisions\/4309"}],"wp:attachment":[{"href":"https:\/\/agora.xtec.cat\/escolamestralvilanova\/wp-json\/wp\/v2\/media?parent=4308"}],"wp:term":[{"taxonomy":"category","embeddable":true,"href":"https:\/\/agora.xtec.cat\/escolamestralvilanova\/wp-json\/wp\/v2\/categories?post=4308"},{"taxonomy":"post_tag","embeddable":true,"href":"https:\/\/agora.xtec.cat\/escolamestralvilanova\/wp-json\/wp\/v2\/tags?post=4308"}],"curies":[{"name":"wp","href":"https:\/\/api.w.org\/{rel}","templated":true}]}}