{"id":4282,"date":"2020-12-02T18:36:35","date_gmt":"2020-12-02T17:36:35","guid":{"rendered":"http:\/\/agora.xtec.cat\/escolamestralvilanova\/?p=4282"},"modified":"2020-12-02T18:36:48","modified_gmt":"2020-12-02T17:36:48","slug":"mes-kandinsky-i-advent","status":"publish","type":"post","link":"https:\/\/agora.xtec.cat\/escolamestralvilanova\/infantil\/mes-kandinsky-i-advent\/","title":{"rendered":"M\u00c9S KANDINSKY I ADVENT"},"content":{"rendered":"<p style=\"text-align: justify;\">Avui el calendari d&#8217;Advent ens ha portat una consignia: donar una abra\u00e7ada i, qui ha volgut, l&#8217;ha donat a un company\/a o mestra. Tamb\u00e9 hem estat parlant sobre a qui donem abra\u00e7ades i perqu\u00e8: ens han dit que als pares, germans, padrins&#8230;<img decoding=\"async\" class=\"CToWUd\" src=\"https:\/\/mail.google.com\/mail\/e\/2764\" alt=\"\u2764\" data-goomoji=\"2764\" data-image-whitelisted=\"\" \/><br \/>\nA m\u00e9s, aquests dies hem estat estampant cercles de Kandinsky sobre una imatge nostra en blanc i negre. Mireu quines obres m\u00e9s boniques ens han quedat!!<\/p>\n<ul>\n<li><a href=\"https:\/\/photos.app.goo.gl\/22EZrjFJfASTh51j9\">ENLLA\u00c7 A LES FOTOGRAFIES<\/a><\/li>\n<\/ul>\n<p><a href=\"https:\/\/photos.app.goo.gl\/22EZrjFJfASTh51j9\"><img loading=\"lazy\" decoding=\"async\" class=\"alignnone wp-image-4283 size-medium\" src=\"https:\/\/agora.xtec.cat\/escolamestralvilanova\/wp-content\/uploads\/usu729\/2020\/12\/IMG_20201202_093321-e1606930543310-300x300.jpg\" alt=\"\" width=\"300\" height=\"300\" srcset=\"https:\/\/agora.xtec.cat\/escolamestralvilanova\/wp-content\/uploads\/usu729\/2020\/12\/IMG_20201202_093321-e1606930543310-300x300.jpg 300w, https:\/\/agora.xtec.cat\/escolamestralvilanova\/wp-content\/uploads\/usu729\/2020\/12\/IMG_20201202_093321-e1606930543310-150x150.jpg 150w, https:\/\/agora.xtec.cat\/escolamestralvilanova\/wp-content\/uploads\/usu729\/2020\/12\/IMG_20201202_093321-e1606930543310-768x768.jpg 768w, https:\/\/agora.xtec.cat\/escolamestralvilanova\/wp-content\/uploads\/usu729\/2020\/12\/IMG_20201202_093321-e1606930543310-1024x1024.jpg 1024w\" sizes=\"auto, (max-width: 300px) 100vw, 300px\" \/><\/a><\/p>\n","protected":false},"excerpt":{"rendered":"<p>Avui el calendari d&#8217;Advent ens ha portat una consignia: donar una abra\u00e7ada i, qui ha volgut, l&#8217;ha donat a un company\/a o mestra. Tamb\u00e9 hem estat parlant sobre a qui donem abra\u00e7ades i perqu\u00e8: ens han dit que als pares, germans, padrins&#8230;<br \/>\nA m\u00e9s, aquests dies&hellip;  <a href=\"https:\/\/agora.xtec.cat\/escolamestralvilanova\/infantil\/mes-kandinsky-i-advent\/\" title=\"Read M\u00c9S KANDINSKY I ADVENT\">Llegeix m\u00e9s\u00bb<\/a><\/p>\n","protected":false},"author":1,"featured_media":0,"comment_status":"open","ping_status":"closed","sticky":false,"template":"","format":"standard","meta":{"_bbp_topic_count":0,"_bbp_reply_count":0,"_bbp_total_topic_count":0,"_bbp_total_reply_count":0,"_bbp_voice_count":0,"_bbp_anonymous_reply_count":0,"_bbp_topic_count_hidden":0,"_bbp_reply_count_hidden":0,"_bbp_forum_subforum_count":0,"footnotes":""},"categories":[14,59,2,4],"tags":[],"class_list":["post-4282","post","type-post","status-publish","format-standard","hentry","category-ei1-ei2","category-primer-cicle-ed-infantil","category-infantil","category-portada"],"post_mailing_queue_ids":[],"_links":{"self":[{"href":"https:\/\/agora.xtec.cat\/escolamestralvilanova\/wp-json\/wp\/v2\/posts\/4282","targetHints":{"allow":["GET"]}}],"collection":[{"href":"https:\/\/agora.xtec.cat\/escolamestralvilanova\/wp-json\/wp\/v2\/posts"}],"about":[{"href":"https:\/\/agora.xtec.cat\/escolamestralvilanova\/wp-json\/wp\/v2\/types\/post"}],"author":[{"embeddable":true,"href":"https:\/\/agora.xtec.cat\/escolamestralvilanova\/wp-json\/wp\/v2\/users\/1"}],"replies":[{"embeddable":true,"href":"https:\/\/agora.xtec.cat\/escolamestralvilanova\/wp-json\/wp\/v2\/comments?post=4282"}],"version-history":[{"count":2,"href":"https:\/\/agora.xtec.cat\/escolamestralvilanova\/wp-json\/wp\/v2\/posts\/4282\/revisions"}],"predecessor-version":[{"id":4285,"href":"https:\/\/agora.xtec.cat\/escolamestralvilanova\/wp-json\/wp\/v2\/posts\/4282\/revisions\/4285"}],"wp:attachment":[{"href":"https:\/\/agora.xtec.cat\/escolamestralvilanova\/wp-json\/wp\/v2\/media?parent=4282"}],"wp:term":[{"taxonomy":"category","embeddable":true,"href":"https:\/\/agora.xtec.cat\/escolamestralvilanova\/wp-json\/wp\/v2\/categories?post=4282"},{"taxonomy":"post_tag","embeddable":true,"href":"https:\/\/agora.xtec.cat\/escolamestralvilanova\/wp-json\/wp\/v2\/tags?post=4282"}],"curies":[{"name":"wp","href":"https:\/\/api.w.org\/{rel}","templated":true}]}}