{"id":4273,"date":"2020-12-01T17:36:37","date_gmt":"2020-12-01T16:36:37","guid":{"rendered":"http:\/\/agora.xtec.cat\/escolamestralvilanova\/?p=4273"},"modified":"2020-12-01T17:36:44","modified_gmt":"2020-12-01T16:36:44","slug":"calendari-dadvent","status":"publish","type":"post","link":"https:\/\/agora.xtec.cat\/escolamestralvilanova\/infantil\/calendari-dadvent\/","title":{"rendered":"CALENDARI D&#8217;ADVENT"},"content":{"rendered":"<p style=\"text-align: justify;\">Ja comen\u00e7a a fer olor de Nadal i a l&#8217;escoleta iniciem el compte enrere amb el nostre calendari d&#8217;Advent, fet amb material reciclat.<img decoding=\"async\" class=\"CToWUd\" src=\"https:\/\/mail.google.com\/mail\/e\/1f384\" alt=\"\ud83c\udf84\" data-goomoji=\"1f384\" data-image-whitelisted=\"\" \/>\ud83e\uddfb<br \/>\nCada dia, dins de cada potet, ens trobarem una consignia, emoci\u00f3, material i\/o activitat per realitzar&#8230; Avui ens ha sortit una pin\u00e7a de fusta. Amb ella i unes quantes m\u00e9s hem elaborat estrelles i les hem pintat. Tamb\u00e9 hem pintat pinyes i boletes de porexpan per tal de decorar l&#8217;aula amb motius nadalencs! Que b\u00e9 ens ha quedat! <img decoding=\"async\" class=\"CToWUd\" src=\"https:\/\/mail.google.com\/mail\/e\/1f31f\" alt=\"\ud83c\udf1f\" data-goomoji=\"1f31f\" data-image-whitelisted=\"\" \/><\/p>\n<ul>\n<li><a href=\"https:\/\/www.google.com\/url?q=https:\/\/photos.app.goo.gl\/77QBi3megio8KgPn7&amp;source=gmail&amp;ust=1606926692265000&amp;usg=AFQjCNGGqABuDT3Xh2bR54cGE0R03VJ-hg\">ENLLA\u00c7 A LES FOTOGRAFIES<\/a><\/li>\n<\/ul>\n<p><a href=\"https:\/\/www.google.com\/url?q=https:\/\/photos.app.goo.gl\/77QBi3megio8KgPn7&amp;source=gmail&amp;ust=1606926692265000&amp;usg=AFQjCNGGqABuDT3Xh2bR54cGE0R03VJ-hg\"><img loading=\"lazy\" decoding=\"async\" class=\"alignnone size-medium wp-image-4274\" src=\"https:\/\/agora.xtec.cat\/escolamestralvilanova\/wp-content\/uploads\/usu729\/2020\/12\/original_f292ec07-4030-499e-bec8-41db5b706c3c_IMG_20201201_093302-300x300.jpg\" alt=\"\" width=\"300\" height=\"300\" srcset=\"https:\/\/agora.xtec.cat\/escolamestralvilanova\/wp-content\/uploads\/usu729\/2020\/12\/original_f292ec07-4030-499e-bec8-41db5b706c3c_IMG_20201201_093302-300x300.jpg 300w, https:\/\/agora.xtec.cat\/escolamestralvilanova\/wp-content\/uploads\/usu729\/2020\/12\/original_f292ec07-4030-499e-bec8-41db5b706c3c_IMG_20201201_093302-150x150.jpg 150w, https:\/\/agora.xtec.cat\/escolamestralvilanova\/wp-content\/uploads\/usu729\/2020\/12\/original_f292ec07-4030-499e-bec8-41db5b706c3c_IMG_20201201_093302-768x768.jpg 768w, https:\/\/agora.xtec.cat\/escolamestralvilanova\/wp-content\/uploads\/usu729\/2020\/12\/original_f292ec07-4030-499e-bec8-41db5b706c3c_IMG_20201201_093302-1024x1024.jpg 1024w\" sizes=\"auto, (max-width: 300px) 100vw, 300px\" \/><\/a><\/p>\n","protected":false},"excerpt":{"rendered":"<p>Ja comen\u00e7a a fer olor de Nadal i a l&#8217;escoleta iniciem el compte enrere amb el nostre calendari d&#8217;Advent, fet amb material reciclat.\ud83e\uddfb<br \/>\nCada dia, dins de cada potet, ens trobarem una consignia, emoci\u00f3, material i\/o activitat per realitzar&#8230; Avui ens ha sortit una pin\u00e7a de&hellip;  <a href=\"https:\/\/agora.xtec.cat\/escolamestralvilanova\/infantil\/calendari-dadvent\/\" title=\"Read CALENDARI D&#8217;ADVENT\">Llegeix m\u00e9s\u00bb<\/a><\/p>\n","protected":false},"author":1,"featured_media":0,"comment_status":"open","ping_status":"closed","sticky":false,"template":"","format":"standard","meta":{"_bbp_topic_count":0,"_bbp_reply_count":0,"_bbp_total_topic_count":0,"_bbp_total_reply_count":0,"_bbp_voice_count":0,"_bbp_anonymous_reply_count":0,"_bbp_topic_count_hidden":0,"_bbp_reply_count_hidden":0,"_bbp_forum_subforum_count":0,"footnotes":""},"categories":[14,59,2,4],"tags":[],"class_list":["post-4273","post","type-post","status-publish","format-standard","hentry","category-ei1-ei2","category-primer-cicle-ed-infantil","category-infantil","category-portada"],"post_mailing_queue_ids":[],"_links":{"self":[{"href":"https:\/\/agora.xtec.cat\/escolamestralvilanova\/wp-json\/wp\/v2\/posts\/4273","targetHints":{"allow":["GET"]}}],"collection":[{"href":"https:\/\/agora.xtec.cat\/escolamestralvilanova\/wp-json\/wp\/v2\/posts"}],"about":[{"href":"https:\/\/agora.xtec.cat\/escolamestralvilanova\/wp-json\/wp\/v2\/types\/post"}],"author":[{"embeddable":true,"href":"https:\/\/agora.xtec.cat\/escolamestralvilanova\/wp-json\/wp\/v2\/users\/1"}],"replies":[{"embeddable":true,"href":"https:\/\/agora.xtec.cat\/escolamestralvilanova\/wp-json\/wp\/v2\/comments?post=4273"}],"version-history":[{"count":1,"href":"https:\/\/agora.xtec.cat\/escolamestralvilanova\/wp-json\/wp\/v2\/posts\/4273\/revisions"}],"predecessor-version":[{"id":4275,"href":"https:\/\/agora.xtec.cat\/escolamestralvilanova\/wp-json\/wp\/v2\/posts\/4273\/revisions\/4275"}],"wp:attachment":[{"href":"https:\/\/agora.xtec.cat\/escolamestralvilanova\/wp-json\/wp\/v2\/media?parent=4273"}],"wp:term":[{"taxonomy":"category","embeddable":true,"href":"https:\/\/agora.xtec.cat\/escolamestralvilanova\/wp-json\/wp\/v2\/categories?post=4273"},{"taxonomy":"post_tag","embeddable":true,"href":"https:\/\/agora.xtec.cat\/escolamestralvilanova\/wp-json\/wp\/v2\/tags?post=4273"}],"curies":[{"name":"wp","href":"https:\/\/api.w.org\/{rel}","templated":true}]}}