{"id":4265,"date":"2020-11-30T19:37:49","date_gmt":"2020-11-30T18:37:49","guid":{"rendered":"http:\/\/agora.xtec.cat\/escolamestralvilanova\/?p=4265"},"modified":"2020-11-30T19:37:57","modified_gmt":"2020-11-30T18:37:57","slug":"mes-experiencies-amb-families","status":"publish","type":"post","link":"https:\/\/agora.xtec.cat\/escolamestralvilanova\/infantil\/mes-experiencies-amb-families\/","title":{"rendered":"M\u00c9S EXPERI\u00c8NCIES AMB FAM\u00cdLIES"},"content":{"rendered":"<p style=\"text-align: justify;\">La setmana pasada el Gen\u00eds ens va explicar el seu cap de setmana: va celebrar l&#8217;aniversari de la seva padrina i ens va portar una imatge amb ella i la seva germana Itzel! <img decoding=\"async\" class=\"CToWUd\" src=\"https:\/\/mail.google.com\/mail\/e\/1f389\" alt=\"\ud83c\udf89\" data-goomoji=\"1f389\" data-image-whitelisted=\"\" \/><br \/>\nAvui ha estat el torn del Jan! Tamb\u00e9 va celebrar l&#8217;aniversari del seu &#8220;iaio&#8221;, va anar amb moto junt amb el seu germ\u00e0, i ens ha portat codonys de la seva torre, que hem manipulat a l&#8217;aula. Dem\u00e0 els cuinarem i els degustarem! <img decoding=\"async\" class=\"CToWUd\" src=\"https:\/\/mail.google.com\/mail\/e\/1f60b\" alt=\"\ud83d\ude0b\" data-goomoji=\"1f60b\" data-image-whitelisted=\"\" \/><\/p>\n<p>Gr\u00e0cies fam\u00edlies!!<\/p>\n<ul>\n<li><a href=\"https:\/\/www.google.com\/url?q=https:\/\/photos.app.goo.gl\/iRt95fks9wsEJfAp6&amp;source=gmail&amp;ust=1606847678515000&amp;usg=AFQjCNGRhPW9gKeVGZn24NqgurqJYZWARQ\">ENLLA\u00c7 A LES FOTOGRAFIES<\/a><\/li>\n<\/ul>\n<p><a href=\"https:\/\/www.google.com\/url?q=https:\/\/photos.app.goo.gl\/iRt95fks9wsEJfAp6&amp;source=gmail&amp;ust=1606847678515000&amp;usg=AFQjCNGRhPW9gKeVGZn24NqgurqJYZWARQ\"><img loading=\"lazy\" decoding=\"async\" class=\"alignnone size-medium wp-image-4266\" src=\"https:\/\/agora.xtec.cat\/escolamestralvilanova\/wp-content\/uploads\/usu729\/2020\/11\/IMG_20201130_094055-300x169.jpg\" alt=\"\" width=\"300\" height=\"169\" srcset=\"https:\/\/agora.xtec.cat\/escolamestralvilanova\/wp-content\/uploads\/usu729\/2020\/11\/IMG_20201130_094055-300x169.jpg 300w, https:\/\/agora.xtec.cat\/escolamestralvilanova\/wp-content\/uploads\/usu729\/2020\/11\/IMG_20201130_094055-768x432.jpg 768w, https:\/\/agora.xtec.cat\/escolamestralvilanova\/wp-content\/uploads\/usu729\/2020\/11\/IMG_20201130_094055-1024x576.jpg 1024w\" sizes=\"auto, (max-width: 300px) 100vw, 300px\" \/><\/a><\/p>\n","protected":false},"excerpt":{"rendered":"<p>La setmana pasada el Gen\u00eds ens va explicar el seu cap de setmana: va celebrar l&#8217;aniversari de la seva padrina i ens va portar una imatge amb ella i la seva germana Itzel!<br \/>\nAvui ha estat el torn del Jan! Tamb\u00e9 va celebrar l&#8217;aniversari del&hellip;  <a href=\"https:\/\/agora.xtec.cat\/escolamestralvilanova\/infantil\/mes-experiencies-amb-families\/\" title=\"Read M\u00c9S EXPERI\u00c8NCIES AMB FAM\u00cdLIES\">Llegeix m\u00e9s\u00bb<\/a><\/p>\n","protected":false},"author":1,"featured_media":0,"comment_status":"open","ping_status":"closed","sticky":false,"template":"","format":"standard","meta":{"_bbp_topic_count":0,"_bbp_reply_count":0,"_bbp_total_topic_count":0,"_bbp_total_reply_count":0,"_bbp_voice_count":0,"_bbp_anonymous_reply_count":0,"_bbp_topic_count_hidden":0,"_bbp_reply_count_hidden":0,"_bbp_forum_subforum_count":0,"footnotes":""},"categories":[14,59,2,4],"tags":[],"class_list":["post-4265","post","type-post","status-publish","format-standard","hentry","category-ei1-ei2","category-primer-cicle-ed-infantil","category-infantil","category-portada"],"post_mailing_queue_ids":[],"_links":{"self":[{"href":"https:\/\/agora.xtec.cat\/escolamestralvilanova\/wp-json\/wp\/v2\/posts\/4265","targetHints":{"allow":["GET"]}}],"collection":[{"href":"https:\/\/agora.xtec.cat\/escolamestralvilanova\/wp-json\/wp\/v2\/posts"}],"about":[{"href":"https:\/\/agora.xtec.cat\/escolamestralvilanova\/wp-json\/wp\/v2\/types\/post"}],"author":[{"embeddable":true,"href":"https:\/\/agora.xtec.cat\/escolamestralvilanova\/wp-json\/wp\/v2\/users\/1"}],"replies":[{"embeddable":true,"href":"https:\/\/agora.xtec.cat\/escolamestralvilanova\/wp-json\/wp\/v2\/comments?post=4265"}],"version-history":[{"count":2,"href":"https:\/\/agora.xtec.cat\/escolamestralvilanova\/wp-json\/wp\/v2\/posts\/4265\/revisions"}],"predecessor-version":[{"id":4268,"href":"https:\/\/agora.xtec.cat\/escolamestralvilanova\/wp-json\/wp\/v2\/posts\/4265\/revisions\/4268"}],"wp:attachment":[{"href":"https:\/\/agora.xtec.cat\/escolamestralvilanova\/wp-json\/wp\/v2\/media?parent=4265"}],"wp:term":[{"taxonomy":"category","embeddable":true,"href":"https:\/\/agora.xtec.cat\/escolamestralvilanova\/wp-json\/wp\/v2\/categories?post=4265"},{"taxonomy":"post_tag","embeddable":true,"href":"https:\/\/agora.xtec.cat\/escolamestralvilanova\/wp-json\/wp\/v2\/tags?post=4265"}],"curies":[{"name":"wp","href":"https:\/\/api.w.org\/{rel}","templated":true}]}}