{"id":4258,"date":"2020-11-27T16:36:07","date_gmt":"2020-11-27T15:36:07","guid":{"rendered":"http:\/\/agora.xtec.cat\/escolamestralvilanova\/?p=4258"},"modified":"2020-11-27T19:38:05","modified_gmt":"2020-11-27T18:38:05","slug":"mandala-dinstruments","status":"publish","type":"post","link":"https:\/\/agora.xtec.cat\/escolamestralvilanova\/infantil\/mandala-dinstruments\/","title":{"rendered":"MANDALA D&#8217;INSTRUMENTS"},"content":{"rendered":"<p style=\"text-align: justify;\">Avui donem per finalitzada la setmana de la m\u00fasica a l&#8217;escoleta.<img decoding=\"async\" class=\"CToWUd\" src=\"https:\/\/mail.google.com\/mail\/e\/1f3b6\" alt=\"\ud83c\udfb6\" data-goomoji=\"1f3b6\" data-image-whitelisted=\"\" \/><br \/>\nAquests dies hem estat cantant i ballant moltes can\u00e7ons i avui ens hem trobat a l&#8217;aula una gran varietat d&#8217;instruments: maraques fetes amb ampolles sensorials, xil\u00f2fons, guitarres, panderetes, un triangle, els tambors que vam elaborar&#8230;<br \/>\nAh, la Tresa ens ha portat un pal de pluja gegant de fusta que feia un so molt relaxant.<br \/>\nLa Carme tamb\u00e9 ens ha dut un ukelele i ens ha tocat una can\u00e7\u00f3 amb ell.<\/p>\n<p>Com ens agrada crear m\u00fasica i la m\u00e0gia que aquesta transmet! <img decoding=\"async\" class=\"CToWUd\" src=\"https:\/\/mail.google.com\/mail\/e\/2728\" alt=\"\u2728\" data-goomoji=\"2728\" data-image-whitelisted=\"\" \/><\/p>\n<ul>\n<li><a href=\"https:\/\/photos.app.goo.gl\/mdjgGdJDXJEzU5Z89\">ENLLA\u00c7 A LES FOTOGRAFIES<\/a><\/li>\n<\/ul>\n<p><a href=\"https:\/\/photos.app.goo.gl\/mdjgGdJDXJEzU5Z89\"><img loading=\"lazy\" decoding=\"async\" class=\"alignnone wp-image-4259 size-medium\" src=\"https:\/\/agora.xtec.cat\/escolamestralvilanova\/wp-content\/uploads\/usu729\/2020\/11\/IMG_20201127_100548-e1606502242858-300x300.jpg\" alt=\"\" width=\"300\" height=\"300\" srcset=\"https:\/\/agora.xtec.cat\/escolamestralvilanova\/wp-content\/uploads\/usu729\/2020\/11\/IMG_20201127_100548-e1606502242858-300x300.jpg 300w, https:\/\/agora.xtec.cat\/escolamestralvilanova\/wp-content\/uploads\/usu729\/2020\/11\/IMG_20201127_100548-e1606502242858-150x150.jpg 150w, https:\/\/agora.xtec.cat\/escolamestralvilanova\/wp-content\/uploads\/usu729\/2020\/11\/IMG_20201127_100548-e1606502242858-768x768.jpg 768w, https:\/\/agora.xtec.cat\/escolamestralvilanova\/wp-content\/uploads\/usu729\/2020\/11\/IMG_20201127_100548-e1606502242858-1024x1024.jpg 1024w\" sizes=\"auto, (max-width: 300px) 100vw, 300px\" \/><\/a><\/p>\n","protected":false},"excerpt":{"rendered":"<p>Avui donem per finalitzada la setmana de la m\u00fasica a l&#8217;escoleta.<br \/>\nAquests dies hem estat cantant i ballant moltes can\u00e7ons i avui ens hem trobat a l&#8217;aula una gran varietat d&#8217;instruments: maraques fetes amb ampolles sensorials, xil\u00f2fons, guitarres, panderetes, un triangle, els tambors que vam elaborar&#8230;<br \/>\nAh,&hellip;  <a href=\"https:\/\/agora.xtec.cat\/escolamestralvilanova\/infantil\/mandala-dinstruments\/\" title=\"Read MANDALA D&#8217;INSTRUMENTS\">Llegeix m\u00e9s\u00bb<\/a><\/p>\n","protected":false},"author":1,"featured_media":0,"comment_status":"open","ping_status":"closed","sticky":false,"template":"","format":"standard","meta":{"_bbp_topic_count":0,"_bbp_reply_count":0,"_bbp_total_topic_count":0,"_bbp_total_reply_count":0,"_bbp_voice_count":0,"_bbp_anonymous_reply_count":0,"_bbp_topic_count_hidden":0,"_bbp_reply_count_hidden":0,"_bbp_forum_subforum_count":0,"footnotes":""},"categories":[14,59,2,53,4],"tags":[],"class_list":["post-4258","post","type-post","status-publish","format-standard","hentry","category-ei1-ei2","category-primer-cicle-ed-infantil","category-infantil","category-lespai-musical","category-portada"],"post_mailing_queue_ids":[],"_links":{"self":[{"href":"https:\/\/agora.xtec.cat\/escolamestralvilanova\/wp-json\/wp\/v2\/posts\/4258","targetHints":{"allow":["GET"]}}],"collection":[{"href":"https:\/\/agora.xtec.cat\/escolamestralvilanova\/wp-json\/wp\/v2\/posts"}],"about":[{"href":"https:\/\/agora.xtec.cat\/escolamestralvilanova\/wp-json\/wp\/v2\/types\/post"}],"author":[{"embeddable":true,"href":"https:\/\/agora.xtec.cat\/escolamestralvilanova\/wp-json\/wp\/v2\/users\/1"}],"replies":[{"embeddable":true,"href":"https:\/\/agora.xtec.cat\/escolamestralvilanova\/wp-json\/wp\/v2\/comments?post=4258"}],"version-history":[{"count":2,"href":"https:\/\/agora.xtec.cat\/escolamestralvilanova\/wp-json\/wp\/v2\/posts\/4258\/revisions"}],"predecessor-version":[{"id":4261,"href":"https:\/\/agora.xtec.cat\/escolamestralvilanova\/wp-json\/wp\/v2\/posts\/4258\/revisions\/4261"}],"wp:attachment":[{"href":"https:\/\/agora.xtec.cat\/escolamestralvilanova\/wp-json\/wp\/v2\/media?parent=4258"}],"wp:term":[{"taxonomy":"category","embeddable":true,"href":"https:\/\/agora.xtec.cat\/escolamestralvilanova\/wp-json\/wp\/v2\/categories?post=4258"},{"taxonomy":"post_tag","embeddable":true,"href":"https:\/\/agora.xtec.cat\/escolamestralvilanova\/wp-json\/wp\/v2\/tags?post=4258"}],"curies":[{"name":"wp","href":"https:\/\/api.w.org\/{rel}","templated":true}]}}