{"id":4225,"date":"2020-11-24T16:15:02","date_gmt":"2020-11-24T15:15:02","guid":{"rendered":"http:\/\/agora.xtec.cat\/escolamestralvilanova\/?p=4225"},"modified":"2020-11-24T16:15:34","modified_gmt":"2020-11-24T15:15:34","slug":"elaborem-tambors","status":"publish","type":"post","link":"https:\/\/agora.xtec.cat\/escolamestralvilanova\/infantil\/elaborem-tambors\/","title":{"rendered":"ELABOREM TAMBORS!"},"content":{"rendered":"<p style=\"text-align: justify;\">Aquests dies estem celebrant la setmana de la M\u00daSICA a l&#8217;escoleta!\u00a0<img decoding=\"async\" class=\"CToWUd\" src=\"https:\/\/mail.google.com\/mail\/e\/1f3b6\" alt=\"\ud83c\udfb6\" data-goomoji=\"1f3b6\" data-image-whitelisted=\"\" \/><br \/>\nAvui hem observat 2 llibres on apareixien diferents tipus d&#8217;instruments per endinsar-nos en aquesta tem\u00e0tica.<br \/>\nDespr\u00e9s hem elaborat tambors casolans amb els pots de llet que ens van fer arribar les fam\u00edlies, i hi hem enganxat gomets!<br \/>\nPer \u00faltim, els hem tocat amb la baqueta, mireu que fort i b\u00e9 que toquem!<\/p>\n<p>A m\u00e9s, com gaireb\u00e9 cada dia, tamb\u00e9 hem estat cantant can\u00e7ons amb l&#8217;ajuda de la nostra caixa de m\u00fasica!<\/p>\n<ul>\n<li class=\"yj6qo\"><a href=\"https:\/\/photos.app.goo.gl\/7G357SCy2fUAiQJa6\">ENLLA\u00c7 A LES FOTOGRAFIES<\/a><\/li>\n<\/ul>\n<p><a href=\"https:\/\/photos.app.goo.gl\/7G357SCy2fUAiQJa6\"><img loading=\"lazy\" decoding=\"async\" class=\"alignnone wp-image-4226 size-medium\" src=\"https:\/\/agora.xtec.cat\/escolamestralvilanova\/wp-content\/uploads\/usu729\/2020\/11\/IMG_20201124_103527-e1606230841302-300x300.jpg\" alt=\"\" width=\"300\" height=\"300\" srcset=\"https:\/\/agora.xtec.cat\/escolamestralvilanova\/wp-content\/uploads\/usu729\/2020\/11\/IMG_20201124_103527-e1606230841302-300x300.jpg 300w, https:\/\/agora.xtec.cat\/escolamestralvilanova\/wp-content\/uploads\/usu729\/2020\/11\/IMG_20201124_103527-e1606230841302-150x150.jpg 150w, https:\/\/agora.xtec.cat\/escolamestralvilanova\/wp-content\/uploads\/usu729\/2020\/11\/IMG_20201124_103527-e1606230841302-768x768.jpg 768w, https:\/\/agora.xtec.cat\/escolamestralvilanova\/wp-content\/uploads\/usu729\/2020\/11\/IMG_20201124_103527-e1606230841302-1024x1024.jpg 1024w\" sizes=\"auto, (max-width: 300px) 100vw, 300px\" \/><\/a><\/p>\n<div><\/div>\n","protected":false},"excerpt":{"rendered":"<p>Aquests dies estem celebrant la setmana de la M\u00daSICA a l&#8217;escoleta!\u00a0<br \/>\nAvui hem observat 2 llibres on apareixien diferents tipus d&#8217;instruments per endinsar-nos en aquesta tem\u00e0tica.<br \/>\nDespr\u00e9s hem elaborat tambors casolans amb els pots de llet que ens van fer arribar les fam\u00edlies, i hi hem enganxat&hellip;  <a href=\"https:\/\/agora.xtec.cat\/escolamestralvilanova\/infantil\/elaborem-tambors\/\" title=\"Read ELABOREM TAMBORS!\">Llegeix m\u00e9s\u00bb<\/a><\/p>\n","protected":false},"author":1,"featured_media":0,"comment_status":"open","ping_status":"closed","sticky":false,"template":"","format":"standard","meta":{"_bbp_topic_count":0,"_bbp_reply_count":0,"_bbp_total_topic_count":0,"_bbp_total_reply_count":0,"_bbp_voice_count":0,"_bbp_anonymous_reply_count":0,"_bbp_topic_count_hidden":0,"_bbp_reply_count_hidden":0,"_bbp_forum_subforum_count":0,"footnotes":""},"categories":[14,59,2,4],"tags":[],"class_list":["post-4225","post","type-post","status-publish","format-standard","hentry","category-ei1-ei2","category-primer-cicle-ed-infantil","category-infantil","category-portada"],"post_mailing_queue_ids":[],"_links":{"self":[{"href":"https:\/\/agora.xtec.cat\/escolamestralvilanova\/wp-json\/wp\/v2\/posts\/4225","targetHints":{"allow":["GET"]}}],"collection":[{"href":"https:\/\/agora.xtec.cat\/escolamestralvilanova\/wp-json\/wp\/v2\/posts"}],"about":[{"href":"https:\/\/agora.xtec.cat\/escolamestralvilanova\/wp-json\/wp\/v2\/types\/post"}],"author":[{"embeddable":true,"href":"https:\/\/agora.xtec.cat\/escolamestralvilanova\/wp-json\/wp\/v2\/users\/1"}],"replies":[{"embeddable":true,"href":"https:\/\/agora.xtec.cat\/escolamestralvilanova\/wp-json\/wp\/v2\/comments?post=4225"}],"version-history":[{"count":2,"href":"https:\/\/agora.xtec.cat\/escolamestralvilanova\/wp-json\/wp\/v2\/posts\/4225\/revisions"}],"predecessor-version":[{"id":4228,"href":"https:\/\/agora.xtec.cat\/escolamestralvilanova\/wp-json\/wp\/v2\/posts\/4225\/revisions\/4228"}],"wp:attachment":[{"href":"https:\/\/agora.xtec.cat\/escolamestralvilanova\/wp-json\/wp\/v2\/media?parent=4225"}],"wp:term":[{"taxonomy":"category","embeddable":true,"href":"https:\/\/agora.xtec.cat\/escolamestralvilanova\/wp-json\/wp\/v2\/categories?post=4225"},{"taxonomy":"post_tag","embeddable":true,"href":"https:\/\/agora.xtec.cat\/escolamestralvilanova\/wp-json\/wp\/v2\/tags?post=4225"}],"curies":[{"name":"wp","href":"https:\/\/api.w.org\/{rel}","templated":true}]}}