{"id":4151,"date":"2020-11-23T08:31:13","date_gmt":"2020-11-23T07:31:13","guid":{"rendered":"http:\/\/agora.xtec.cat\/escolamestralvilanova\/?p=4151"},"modified":"2020-11-23T12:35:55","modified_gmt":"2020-11-23T11:35:55","slug":"3a-setmana-de-la-musica","status":"publish","type":"post","link":"https:\/\/agora.xtec.cat\/escolamestralvilanova\/general\/3a-setmana-de-la-musica\/","title":{"rendered":"3\u00aa SETMANA DE LA M\u00daSICA"},"content":{"rendered":"<p style=\"text-align: justify;\">Al llarg d\u2019aquesta setmana celebrem la Tercera edici\u00f3 de la nostra \u201cSetmana de la M\u00fasica\u201d.<\/p>\n<p style=\"text-align: justify;\">Durant aquesta setmana, del 23 al 27 de novembre, tots els nens i nenes de l\u2019escola participarem d\u2019una setmana on la m\u00fasica ser\u00e0 la gran protagonista.<\/p>\n<p style=\"text-align: justify;\">Aix\u00ed, durant la setmana realitzarem diferents activitats relacionades amb el m\u00f3n de la m\u00fasica.<\/p>\n<p style=\"text-align: justify;\">Esperem que sigui tot un \u00e8xit!!!<\/p>\n<p>Mostra de cartells realitzats pels alumnes de sis\u00e8:<\/p>\n<ul>\n<li><a href=\"https:\/\/photos.app.goo.gl\/QJSGb7e3hdcNHaLU9\">ENLLA\u00c7 ALS CARTELLS<\/a><\/li>\n<\/ul>\n<p><a href=\"https:\/\/photos.app.goo.gl\/QJSGb7e3hdcNHaLU9\"><img loading=\"lazy\" decoding=\"async\" class=\"alignnone wp-image-4186 \" src=\"https:\/\/agora.xtec.cat\/escolamestralvilanova\/wp-content\/uploads\/usu729\/2020\/11\/TOTS.png\" alt=\"\" width=\"314\" height=\"236\" srcset=\"https:\/\/agora.xtec.cat\/escolamestralvilanova\/wp-content\/uploads\/usu729\/2020\/11\/TOTS.png 1023w, https:\/\/agora.xtec.cat\/escolamestralvilanova\/wp-content\/uploads\/usu729\/2020\/11\/TOTS-300x226.png 300w, https:\/\/agora.xtec.cat\/escolamestralvilanova\/wp-content\/uploads\/usu729\/2020\/11\/TOTS-768x577.png 768w, https:\/\/agora.xtec.cat\/escolamestralvilanova\/wp-content\/uploads\/usu729\/2020\/11\/TOTS-200x150.png 200w\" sizes=\"auto, (max-width: 314px) 100vw, 314px\" \/><\/a><\/p>\n","protected":false},"excerpt":{"rendered":"<p>Al llarg d\u2019aquesta setmana celebrem la Tercera edici\u00f3 de la nostra \u201cSetmana de la M\u00fasica\u201d.<br \/>\nDurant aquesta setmana, del 23 al 27 de novembre, tots els nens i nenes de l\u2019escola participarem d\u2019una setmana on la m\u00fasica ser\u00e0 la gran protagonista.<br \/>\nAix\u00ed, durant la setmana realitzarem diferents&hellip;  <a href=\"https:\/\/agora.xtec.cat\/escolamestralvilanova\/general\/3a-setmana-de-la-musica\/\" title=\"Read 3\u00aa SETMANA DE LA M\u00daSICA\">Llegeix m\u00e9s\u00bb<\/a><\/p>\n","protected":false},"author":1,"featured_media":0,"comment_status":"open","ping_status":"closed","sticky":false,"template":"","format":"standard","meta":{"_bbp_topic_count":0,"_bbp_reply_count":0,"_bbp_total_topic_count":0,"_bbp_total_reply_count":0,"_bbp_voice_count":0,"_bbp_anonymous_reply_count":0,"_bbp_topic_count_hidden":0,"_bbp_reply_count_hidden":0,"_bbp_forum_subforum_count":0,"footnotes":""},"categories":[13,11,12,15,3,14,8,9,10,59,1,2,53,4,5],"tags":[],"class_list":["post-4151","post","type-post","status-publish","format-standard","hentry","category-cinque","category-cicle-inicial","category-tercer-quart","category-cicle-superior","category-ei3-ei4-ei5","category-ei1-ei2","category-ei4","category-ei5","category-ei5-primer","category-primer-cicle-ed-infantil","category-general","category-infantil","category-lespai-musical","category-portada","category-primaria"],"post_mailing_queue_ids":[],"_links":{"self":[{"href":"https:\/\/agora.xtec.cat\/escolamestralvilanova\/wp-json\/wp\/v2\/posts\/4151","targetHints":{"allow":["GET"]}}],"collection":[{"href":"https:\/\/agora.xtec.cat\/escolamestralvilanova\/wp-json\/wp\/v2\/posts"}],"about":[{"href":"https:\/\/agora.xtec.cat\/escolamestralvilanova\/wp-json\/wp\/v2\/types\/post"}],"author":[{"embeddable":true,"href":"https:\/\/agora.xtec.cat\/escolamestralvilanova\/wp-json\/wp\/v2\/users\/1"}],"replies":[{"embeddable":true,"href":"https:\/\/agora.xtec.cat\/escolamestralvilanova\/wp-json\/wp\/v2\/comments?post=4151"}],"version-history":[{"count":3,"href":"https:\/\/agora.xtec.cat\/escolamestralvilanova\/wp-json\/wp\/v2\/posts\/4151\/revisions"}],"predecessor-version":[{"id":4187,"href":"https:\/\/agora.xtec.cat\/escolamestralvilanova\/wp-json\/wp\/v2\/posts\/4151\/revisions\/4187"}],"wp:attachment":[{"href":"https:\/\/agora.xtec.cat\/escolamestralvilanova\/wp-json\/wp\/v2\/media?parent=4151"}],"wp:term":[{"taxonomy":"category","embeddable":true,"href":"https:\/\/agora.xtec.cat\/escolamestralvilanova\/wp-json\/wp\/v2\/categories?post=4151"},{"taxonomy":"post_tag","embeddable":true,"href":"https:\/\/agora.xtec.cat\/escolamestralvilanova\/wp-json\/wp\/v2\/tags?post=4151"}],"curies":[{"name":"wp","href":"https:\/\/api.w.org\/{rel}","templated":true}]}}