{"id":4130,"date":"2020-11-23T09:00:20","date_gmt":"2020-11-23T08:00:20","guid":{"rendered":"http:\/\/agora.xtec.cat\/escolamestralvilanova\/?p=4130"},"modified":"2020-11-23T09:18:16","modified_gmt":"2020-11-23T08:18:16","slug":"la-meva-canco-preferida-calgary-88-antonia-font","status":"publish","type":"post","link":"https:\/\/agora.xtec.cat\/escolamestralvilanova\/portada\/la-meva-canco-preferida-calgary-88-antonia-font\/","title":{"rendered":"LA MEVA CAN\u00c7\u00d3 PREFERIDA: Calgary 88"},"content":{"rendered":"<p style=\"text-align: justify;\">Aprofitant que durant aquesta setmana celebrem la 3\u00aa Setmana de la M\u00fasica a l&#8217;escola, iniciem un nova proposta: cada mat\u00ed, un dels mestres de l&#8217;escola us recomanar\u00e0 la seva can\u00e7\u00f3 preferida.<\/p>\n<p style=\"text-align: justify;\">Avui la Sandra ens recomana CALGARY 88 d&#8217;Ant\u00f2nia Font.<\/p>\n<p style=\"text-align: justify;\">Esperem que us agradi!<\/p>\n<p><iframe loading=\"lazy\" src=\"https:\/\/www.youtube.com\/embed\/3vmz6ZIfAkU\" width=\"560\" height=\"315\" frameborder=\"0\"><\/iframe><\/p>\n","protected":false},"excerpt":{"rendered":"<p>Aprofitant que durant aquesta setmana celebrem la 3\u00aa Setmana de la M\u00fasica a l&#8217;escola, iniciem un nova proposta: cada mat\u00ed, un dels mestres de l&#8217;escola us recomanar\u00e0 la seva can\u00e7\u00f3 preferida.<br \/>\nAvui la Sandra ens recomana CALGARY 88 d&#8217;Ant\u00f2nia Font.<br \/>\nEsperem que us agradi!<\/p>\n","protected":false},"author":1,"featured_media":0,"comment_status":"open","ping_status":"closed","sticky":false,"template":"","format":"standard","meta":{"_bbp_topic_count":0,"_bbp_reply_count":0,"_bbp_total_topic_count":0,"_bbp_total_reply_count":0,"_bbp_voice_count":0,"_bbp_anonymous_reply_count":0,"_bbp_topic_count_hidden":0,"_bbp_reply_count_hidden":0,"_bbp_forum_subforum_count":0,"footnotes":""},"categories":[53,4],"tags":[],"class_list":["post-4130","post","type-post","status-publish","format-standard","hentry","category-lespai-musical","category-portada"],"post_mailing_queue_ids":[],"_links":{"self":[{"href":"https:\/\/agora.xtec.cat\/escolamestralvilanova\/wp-json\/wp\/v2\/posts\/4130","targetHints":{"allow":["GET"]}}],"collection":[{"href":"https:\/\/agora.xtec.cat\/escolamestralvilanova\/wp-json\/wp\/v2\/posts"}],"about":[{"href":"https:\/\/agora.xtec.cat\/escolamestralvilanova\/wp-json\/wp\/v2\/types\/post"}],"author":[{"embeddable":true,"href":"https:\/\/agora.xtec.cat\/escolamestralvilanova\/wp-json\/wp\/v2\/users\/1"}],"replies":[{"embeddable":true,"href":"https:\/\/agora.xtec.cat\/escolamestralvilanova\/wp-json\/wp\/v2\/comments?post=4130"}],"version-history":[{"count":3,"href":"https:\/\/agora.xtec.cat\/escolamestralvilanova\/wp-json\/wp\/v2\/posts\/4130\/revisions"}],"predecessor-version":[{"id":4165,"href":"https:\/\/agora.xtec.cat\/escolamestralvilanova\/wp-json\/wp\/v2\/posts\/4130\/revisions\/4165"}],"wp:attachment":[{"href":"https:\/\/agora.xtec.cat\/escolamestralvilanova\/wp-json\/wp\/v2\/media?parent=4130"}],"wp:term":[{"taxonomy":"category","embeddable":true,"href":"https:\/\/agora.xtec.cat\/escolamestralvilanova\/wp-json\/wp\/v2\/categories?post=4130"},{"taxonomy":"post_tag","embeddable":true,"href":"https:\/\/agora.xtec.cat\/escolamestralvilanova\/wp-json\/wp\/v2\/tags?post=4130"}],"curies":[{"name":"wp","href":"https:\/\/api.w.org\/{rel}","templated":true}]}}