{"id":4124,"date":"2020-11-20T17:19:47","date_gmt":"2020-11-20T16:19:47","guid":{"rendered":"http:\/\/agora.xtec.cat\/escolamestralvilanova\/?p=4124"},"modified":"2020-11-20T17:20:49","modified_gmt":"2020-11-20T16:20:49","slug":"psicomotricitat-amb-pilotes-petites","status":"publish","type":"post","link":"https:\/\/agora.xtec.cat\/escolamestralvilanova\/infantil\/psicomotricitat-amb-pilotes-petites\/","title":{"rendered":"PSICOMOTRICITAT AMB PILOTES PETITES"},"content":{"rendered":"<p style=\"text-align: justify;\">Mireu quines piscines de pilotes de pl\u00e0stic s&#8217;han trobat avui a l&#8217;aula els infants de l&#8217;escoleta!! \ud83d\udfe1\ud83d\udd35\ud83d\udfe2Tamb\u00e9 hi havia un t\u00fanel per travessar-lo.<br \/>\nS&#8217;ho han passat d&#8217;all\u00f2 m\u00e9s b\u00e9 llen\u00e7an les boles, rebolcant-se en elles, etc.<\/p>\n<p style=\"text-align: justify;\">I \u00e9s que avui \u00e9s el seu dia, el dia mundial dels drets de l&#8217;infant. Cuidem-los i fomentem el seu joc i creixement lliure, avui i CADA DIA! <img decoding=\"async\" class=\"CToWUd\" src=\"https:\/\/mail.google.com\/mail\/e\/1f463\" alt=\"\ud83d\udc63\" data-goomoji=\"1f463\" data-image-whitelisted=\"\" \/><\/p>\n<ul>\n<li><a href=\"https:\/\/photos.app.goo.gl\/FUoTbTeLwi1siATi6\">ENLLA\u00c7 A LES FOTOGRAFIES<\/a><\/li>\n<\/ul>\n<p><a href=\"https:\/\/photos.app.goo.gl\/FUoTbTeLwi1siATi6\"><img loading=\"lazy\" decoding=\"async\" class=\"alignnone size-medium wp-image-4125\" src=\"https:\/\/agora.xtec.cat\/escolamestralvilanova\/wp-content\/uploads\/usu729\/2020\/11\/original_046329fd-d0f2-4be6-b124-416d9a29e368_IMG_20201120_103548-300x263.jpg\" alt=\"\" width=\"300\" height=\"263\" srcset=\"https:\/\/agora.xtec.cat\/escolamestralvilanova\/wp-content\/uploads\/usu729\/2020\/11\/original_046329fd-d0f2-4be6-b124-416d9a29e368_IMG_20201120_103548-300x263.jpg 300w, https:\/\/agora.xtec.cat\/escolamestralvilanova\/wp-content\/uploads\/usu729\/2020\/11\/original_046329fd-d0f2-4be6-b124-416d9a29e368_IMG_20201120_103548-768x672.jpg 768w, https:\/\/agora.xtec.cat\/escolamestralvilanova\/wp-content\/uploads\/usu729\/2020\/11\/original_046329fd-d0f2-4be6-b124-416d9a29e368_IMG_20201120_103548-1024x896.jpg 1024w\" sizes=\"auto, (max-width: 300px) 100vw, 300px\" \/><\/a><\/p>\n","protected":false},"excerpt":{"rendered":"<p>Mireu quines piscines de pilotes de pl\u00e0stic s&#8217;han trobat avui a l&#8217;aula els infants de l&#8217;escoleta!! \ud83d\udfe1\ud83d\udd35\ud83d\udfe2Tamb\u00e9 hi havia un t\u00fanel per travessar-lo.<br \/>\nS&#8217;ho han passat d&#8217;all\u00f2 m\u00e9s b\u00e9 llen\u00e7an les boles, rebolcant-se en elles, etc.<br \/>\nI \u00e9s que avui \u00e9s el seu dia, el dia mundial&hellip;  <a href=\"https:\/\/agora.xtec.cat\/escolamestralvilanova\/infantil\/psicomotricitat-amb-pilotes-petites\/\" title=\"Read PSICOMOTRICITAT AMB PILOTES PETITES\">Llegeix m\u00e9s\u00bb<\/a><\/p>\n","protected":false},"author":1,"featured_media":0,"comment_status":"open","ping_status":"closed","sticky":false,"template":"","format":"standard","meta":{"_bbp_topic_count":0,"_bbp_reply_count":0,"_bbp_total_topic_count":0,"_bbp_total_reply_count":0,"_bbp_voice_count":0,"_bbp_anonymous_reply_count":0,"_bbp_topic_count_hidden":0,"_bbp_reply_count_hidden":0,"_bbp_forum_subforum_count":0,"footnotes":""},"categories":[14,59,2,4],"tags":[],"class_list":["post-4124","post","type-post","status-publish","format-standard","hentry","category-ei1-ei2","category-primer-cicle-ed-infantil","category-infantil","category-portada"],"post_mailing_queue_ids":[],"_links":{"self":[{"href":"https:\/\/agora.xtec.cat\/escolamestralvilanova\/wp-json\/wp\/v2\/posts\/4124","targetHints":{"allow":["GET"]}}],"collection":[{"href":"https:\/\/agora.xtec.cat\/escolamestralvilanova\/wp-json\/wp\/v2\/posts"}],"about":[{"href":"https:\/\/agora.xtec.cat\/escolamestralvilanova\/wp-json\/wp\/v2\/types\/post"}],"author":[{"embeddable":true,"href":"https:\/\/agora.xtec.cat\/escolamestralvilanova\/wp-json\/wp\/v2\/users\/1"}],"replies":[{"embeddable":true,"href":"https:\/\/agora.xtec.cat\/escolamestralvilanova\/wp-json\/wp\/v2\/comments?post=4124"}],"version-history":[{"count":3,"href":"https:\/\/agora.xtec.cat\/escolamestralvilanova\/wp-json\/wp\/v2\/posts\/4124\/revisions"}],"predecessor-version":[{"id":4129,"href":"https:\/\/agora.xtec.cat\/escolamestralvilanova\/wp-json\/wp\/v2\/posts\/4124\/revisions\/4129"}],"wp:attachment":[{"href":"https:\/\/agora.xtec.cat\/escolamestralvilanova\/wp-json\/wp\/v2\/media?parent=4124"}],"wp:term":[{"taxonomy":"category","embeddable":true,"href":"https:\/\/agora.xtec.cat\/escolamestralvilanova\/wp-json\/wp\/v2\/categories?post=4124"},{"taxonomy":"post_tag","embeddable":true,"href":"https:\/\/agora.xtec.cat\/escolamestralvilanova\/wp-json\/wp\/v2\/tags?post=4124"}],"curies":[{"name":"wp","href":"https:\/\/api.w.org\/{rel}","templated":true}]}}