{"id":4121,"date":"2020-11-20T12:10:39","date_gmt":"2020-11-20T11:10:39","guid":{"rendered":"http:\/\/agora.xtec.cat\/escolamestralvilanova\/?p=4121"},"modified":"2020-11-20T17:20:33","modified_gmt":"2020-11-20T16:20:33","slug":"seguim-fent-robotica","status":"publish","type":"post","link":"https:\/\/agora.xtec.cat\/escolamestralvilanova\/general\/seguim-fent-robotica\/","title":{"rendered":"SEGUIM FENT ROB\u00d2TICA!"},"content":{"rendered":"<p style=\"text-align: justify;\">Avui el seg\u00fcent equip de treball (El Guillem i el Joel) han acabat el seu projecte de Lego WeDo.<\/p>\n<p style=\"text-align: justify;\">Han constru\u00eft un lle\u00f3 que s&#8217;aixeca i s&#8217;asseu fent diferents sollors. A l\u2019enlla\u00e7 que adjuntem a continuaci\u00f3 podreu veure un v\u00eddeo de com es mou.<\/p>\n<p style=\"text-align: justify;\">Hem penjat uns v\u00eddeos molt divertits, esperem que us agradin!<\/p>\n<ul>\n<li><a href=\"https:\/\/photos.app.goo.gl\/xwu93qp6W67i7faGA\">ENLLA\u00c7 A LES FOTOS I EL V\u00cdDEO<\/a><\/li>\n<\/ul>\n<p><a href=\"https:\/\/agora.xtec.cat\/escolamestralvilanova\/wp-content\/uploads\/usu729\/2020\/11\/lego-guillem.jpg\"><img loading=\"lazy\" decoding=\"async\" class=\"alignnone wp-image-4122 size-medium\" src=\"https:\/\/agora.xtec.cat\/escolamestralvilanova\/wp-content\/uploads\/usu729\/2020\/11\/lego-guillem-300x225.jpg\" alt=\"\" width=\"300\" height=\"225\" srcset=\"https:\/\/agora.xtec.cat\/escolamestralvilanova\/wp-content\/uploads\/usu729\/2020\/11\/lego-guillem-300x225.jpg 300w, https:\/\/agora.xtec.cat\/escolamestralvilanova\/wp-content\/uploads\/usu729\/2020\/11\/lego-guillem-768x576.jpg 768w, https:\/\/agora.xtec.cat\/escolamestralvilanova\/wp-content\/uploads\/usu729\/2020\/11\/lego-guillem-1024x768.jpg 1024w, https:\/\/agora.xtec.cat\/escolamestralvilanova\/wp-content\/uploads\/usu729\/2020\/11\/lego-guillem-200x150.jpg 200w\" sizes=\"auto, (max-width: 300px) 100vw, 300px\" \/><\/a><\/p>\n","protected":false},"excerpt":{"rendered":"<p>Avui el seg\u00fcent equip de treball (El Guillem i el Joel) han acabat el seu projecte de Lego WeDo.<br \/>\nHan constru\u00eft un lle\u00f3 que s&#8217;aixeca i s&#8217;asseu fent diferents sollors. A l\u2019enlla\u00e7 que adjuntem a continuaci\u00f3 podreu veure un v\u00eddeo de com es mou.<br \/>\nHem penjat uns&hellip;  <a href=\"https:\/\/agora.xtec.cat\/escolamestralvilanova\/general\/seguim-fent-robotica\/\" title=\"Read SEGUIM FENT ROB\u00d2TICA!\">Llegeix m\u00e9s\u00bb<\/a><\/p>\n","protected":false},"author":6,"featured_media":0,"comment_status":"open","ping_status":"closed","sticky":false,"template":"","format":"standard","meta":{"_bbp_topic_count":0,"_bbp_reply_count":0,"_bbp_total_topic_count":0,"_bbp_total_reply_count":0,"_bbp_voice_count":0,"_bbp_anonymous_reply_count":0,"_bbp_topic_count_hidden":0,"_bbp_reply_count_hidden":0,"_bbp_forum_subforum_count":0,"footnotes":""},"categories":[10,1,4,5],"tags":[],"class_list":["post-4121","post","type-post","status-publish","format-standard","hentry","category-ei5-primer","category-general","category-portada","category-primaria"],"post_mailing_queue_ids":[],"_links":{"self":[{"href":"https:\/\/agora.xtec.cat\/escolamestralvilanova\/wp-json\/wp\/v2\/posts\/4121","targetHints":{"allow":["GET"]}}],"collection":[{"href":"https:\/\/agora.xtec.cat\/escolamestralvilanova\/wp-json\/wp\/v2\/posts"}],"about":[{"href":"https:\/\/agora.xtec.cat\/escolamestralvilanova\/wp-json\/wp\/v2\/types\/post"}],"author":[{"embeddable":true,"href":"https:\/\/agora.xtec.cat\/escolamestralvilanova\/wp-json\/wp\/v2\/users\/6"}],"replies":[{"embeddable":true,"href":"https:\/\/agora.xtec.cat\/escolamestralvilanova\/wp-json\/wp\/v2\/comments?post=4121"}],"version-history":[{"count":2,"href":"https:\/\/agora.xtec.cat\/escolamestralvilanova\/wp-json\/wp\/v2\/posts\/4121\/revisions"}],"predecessor-version":[{"id":4128,"href":"https:\/\/agora.xtec.cat\/escolamestralvilanova\/wp-json\/wp\/v2\/posts\/4121\/revisions\/4128"}],"wp:attachment":[{"href":"https:\/\/agora.xtec.cat\/escolamestralvilanova\/wp-json\/wp\/v2\/media?parent=4121"}],"wp:term":[{"taxonomy":"category","embeddable":true,"href":"https:\/\/agora.xtec.cat\/escolamestralvilanova\/wp-json\/wp\/v2\/categories?post=4121"},{"taxonomy":"post_tag","embeddable":true,"href":"https:\/\/agora.xtec.cat\/escolamestralvilanova\/wp-json\/wp\/v2\/tags?post=4121"}],"curies":[{"name":"wp","href":"https:\/\/api.w.org\/{rel}","templated":true}]}}