{"id":4114,"date":"2020-11-19T09:08:56","date_gmt":"2020-11-19T08:08:56","guid":{"rendered":"http:\/\/agora.xtec.cat\/escolamestralvilanova\/?p=4114"},"modified":"2020-11-19T09:09:02","modified_gmt":"2020-11-19T08:09:02","slug":"taller-de-catala-quina-es-la-teva-canco-preferida","status":"publish","type":"post","link":"https:\/\/agora.xtec.cat\/escolamestralvilanova\/portada\/taller-de-catala-quina-es-la-teva-canco-preferida\/","title":{"rendered":"TALLER DE CATAL\u00c0: QUINA \u00c9S LA TEVA CAN\u00c7\u00d3 PREFERIDA?"},"content":{"rendered":"<p class=\"gmail_attr\" style=\"text-align: justify;\">Aquesta setmana els nens\/es de cinqu\u00e8 han fet una breu exposici\u00f3 oral de les seves can\u00e7ons preferides.<\/p>\n<p class=\"gmail_attr\" style=\"text-align: justify;\">Havien d&#8217;explicar als companys\/es alguns aspectes de la can\u00e7\u00f3 com el nom del grup\/cantant o la justificaci\u00f3 de perqu\u00e8 l&#8217;havien escollit.<\/p>\n<p class=\"gmail_attr\" style=\"text-align: justify;\">Ha sigut una activitat molt enriquidora ja que ens ha perm\u00e8s compartir gustos musicals i a m\u00e9s a m\u00e9s ens ha fet treballar la nostra expressi\u00f3 oral.<\/p>\n<p><img loading=\"lazy\" decoding=\"async\" class=\"alignnone size-medium wp-image-4115\" src=\"https:\/\/agora.xtec.cat\/escolamestralvilanova\/wp-content\/uploads\/usu729\/2020\/11\/1605739906455-300x300.jpg\" alt=\"\" width=\"300\" height=\"300\" srcset=\"https:\/\/agora.xtec.cat\/escolamestralvilanova\/wp-content\/uploads\/usu729\/2020\/11\/1605739906455-300x300.jpg 300w, https:\/\/agora.xtec.cat\/escolamestralvilanova\/wp-content\/uploads\/usu729\/2020\/11\/1605739906455-150x150.jpg 150w, https:\/\/agora.xtec.cat\/escolamestralvilanova\/wp-content\/uploads\/usu729\/2020\/11\/1605739906455-768x768.jpg 768w, https:\/\/agora.xtec.cat\/escolamestralvilanova\/wp-content\/uploads\/usu729\/2020\/11\/1605739906455-1024x1024.jpg 1024w, https:\/\/agora.xtec.cat\/escolamestralvilanova\/wp-content\/uploads\/usu729\/2020\/11\/1605739906455.jpg 1080w\" sizes=\"auto, (max-width: 300px) 100vw, 300px\" \/><\/p>\n<div class=\"adL\"><\/div>\n","protected":false},"excerpt":{"rendered":"<p>Aquesta setmana els nens\/es de cinqu\u00e8 han fet una breu exposici\u00f3 oral de les seves can\u00e7ons preferides.<br \/>\nHavien d&#8217;explicar als companys\/es alguns aspectes de la can\u00e7\u00f3 com el nom del grup\/cantant o la justificaci\u00f3 de perqu\u00e8 l&#8217;havien escollit.<br \/>\nHa sigut una activitat molt enriquidora ja que ens&hellip;  <a href=\"https:\/\/agora.xtec.cat\/escolamestralvilanova\/portada\/taller-de-catala-quina-es-la-teva-canco-preferida\/\" title=\"Read TALLER DE CATAL\u00c0: QUINA \u00c9S LA TEVA CAN\u00c7\u00d3 PREFERIDA?\">Llegeix m\u00e9s\u00bb<\/a><\/p>\n","protected":false},"author":1,"featured_media":0,"comment_status":"open","ping_status":"closed","sticky":false,"template":"","format":"standard","meta":{"_bbp_topic_count":0,"_bbp_reply_count":0,"_bbp_total_topic_count":0,"_bbp_total_reply_count":0,"_bbp_voice_count":0,"_bbp_anonymous_reply_count":0,"_bbp_topic_count_hidden":0,"_bbp_reply_count_hidden":0,"_bbp_forum_subforum_count":0,"footnotes":""},"categories":[13,4,5],"tags":[],"class_list":["post-4114","post","type-post","status-publish","format-standard","hentry","category-cinque","category-portada","category-primaria"],"post_mailing_queue_ids":[],"_links":{"self":[{"href":"https:\/\/agora.xtec.cat\/escolamestralvilanova\/wp-json\/wp\/v2\/posts\/4114","targetHints":{"allow":["GET"]}}],"collection":[{"href":"https:\/\/agora.xtec.cat\/escolamestralvilanova\/wp-json\/wp\/v2\/posts"}],"about":[{"href":"https:\/\/agora.xtec.cat\/escolamestralvilanova\/wp-json\/wp\/v2\/types\/post"}],"author":[{"embeddable":true,"href":"https:\/\/agora.xtec.cat\/escolamestralvilanova\/wp-json\/wp\/v2\/users\/1"}],"replies":[{"embeddable":true,"href":"https:\/\/agora.xtec.cat\/escolamestralvilanova\/wp-json\/wp\/v2\/comments?post=4114"}],"version-history":[{"count":2,"href":"https:\/\/agora.xtec.cat\/escolamestralvilanova\/wp-json\/wp\/v2\/posts\/4114\/revisions"}],"predecessor-version":[{"id":4117,"href":"https:\/\/agora.xtec.cat\/escolamestralvilanova\/wp-json\/wp\/v2\/posts\/4114\/revisions\/4117"}],"wp:attachment":[{"href":"https:\/\/agora.xtec.cat\/escolamestralvilanova\/wp-json\/wp\/v2\/media?parent=4114"}],"wp:term":[{"taxonomy":"category","embeddable":true,"href":"https:\/\/agora.xtec.cat\/escolamestralvilanova\/wp-json\/wp\/v2\/categories?post=4114"},{"taxonomy":"post_tag","embeddable":true,"href":"https:\/\/agora.xtec.cat\/escolamestralvilanova\/wp-json\/wp\/v2\/tags?post=4114"}],"curies":[{"name":"wp","href":"https:\/\/api.w.org\/{rel}","templated":true}]}}