{"id":4103,"date":"2020-11-17T20:41:38","date_gmt":"2020-11-17T19:41:38","guid":{"rendered":"http:\/\/agora.xtec.cat\/escolamestralvilanova\/?p=4103"},"modified":"2020-11-17T20:41:44","modified_gmt":"2020-11-17T19:41:44","slug":"celebrem-laniversari-de-la-gala","status":"publish","type":"post","link":"https:\/\/agora.xtec.cat\/escolamestralvilanova\/infantil\/celebrem-laniversari-de-la-gala\/","title":{"rendered":"CELEBREM L&#8217;ANIVERSARI DE LA GALA!"},"content":{"rendered":"<p style=\"text-align: justify;\">La Gala Mars\u00e0 ha complert el seu primer any de vida i a l&#8217;escoleta estem de celebraci\u00f3! <img decoding=\"async\" class=\"CToWUd\" src=\"https:\/\/mail.google.com\/mail\/e\/1f382\" alt=\"\ud83c\udf82\" data-goomoji=\"1f382\" data-image-whitelisted=\"\" \/> Li hem decorat una corona i pintat una fusteta com a regal! Aquest any el past\u00eds era de fusta per\u00f2 els hi ha fascinat jugar amb ell!<br \/>\nTamb\u00e9 li hem cantat i ballat la can\u00e7\u00f3: &#8220;Avui fas anys&#8221; de Dijous paella i ho hem celebrat jugant amb globus i confeti!! En algun d&#8217;aquests globus s&#8217;amagaven sorpreses com boletes de colors, paperets&#8230; S&#8217;ho han passat pipa! <img decoding=\"async\" class=\"CToWUd\" src=\"https:\/\/mail.google.com\/mail\/e\/1f389\" alt=\"\ud83c\udf89\" data-goomoji=\"1f389\" data-image-whitelisted=\"\" \/><img decoding=\"async\" class=\"CToWUd\" src=\"https:\/\/mail.google.com\/mail\/e\/1f388\" alt=\"\ud83c\udf88\" data-goomoji=\"1f388\" data-image-whitelisted=\"\" \/><br \/>\nTamb\u00e9 ens ha portat una foto de quan era m\u00e9s petita i una d&#8217;actual amb els seus pares i l&#8217;hem penjat al rac\u00f3 dedicat a la fam\u00edlia!<\/p>\n<ul>\n<li><a href=\"https:\/\/photos.app.goo.gl\/DJo72uVQrUM6p7sC7\">ENLLA\u00c7 A LES FOTOGRAFIES<\/a><\/li>\n<\/ul>\n<p><a href=\"https:\/\/photos.app.goo.gl\/DJo72uVQrUM6p7sC7\"><img loading=\"lazy\" decoding=\"async\" class=\"alignnone size-medium wp-image-4104\" src=\"https:\/\/agora.xtec.cat\/escolamestralvilanova\/wp-content\/uploads\/usu729\/2020\/11\/original_c515bd80-cd64-4a4c-913d-56a4cf96ef18_IMG_20201117_094714-300x219.jpg\" alt=\"\" width=\"300\" height=\"219\" srcset=\"https:\/\/agora.xtec.cat\/escolamestralvilanova\/wp-content\/uploads\/usu729\/2020\/11\/original_c515bd80-cd64-4a4c-913d-56a4cf96ef18_IMG_20201117_094714-300x219.jpg 300w, https:\/\/agora.xtec.cat\/escolamestralvilanova\/wp-content\/uploads\/usu729\/2020\/11\/original_c515bd80-cd64-4a4c-913d-56a4cf96ef18_IMG_20201117_094714-768x560.jpg 768w, https:\/\/agora.xtec.cat\/escolamestralvilanova\/wp-content\/uploads\/usu729\/2020\/11\/original_c515bd80-cd64-4a4c-913d-56a4cf96ef18_IMG_20201117_094714-1024x746.jpg 1024w\" sizes=\"auto, (max-width: 300px) 100vw, 300px\" \/><\/a><\/p>\n","protected":false},"excerpt":{"rendered":"<p>La Gala Mars\u00e0 ha complert el seu primer any de vida i a l&#8217;escoleta estem de celebraci\u00f3!  Li hem decorat una corona i pintat una fusteta com a regal! Aquest any el past\u00eds era de fusta per\u00f2 els hi ha fascinat jugar amb ell!<br \/>\nTamb\u00e9&hellip;  <a href=\"https:\/\/agora.xtec.cat\/escolamestralvilanova\/infantil\/celebrem-laniversari-de-la-gala\/\" title=\"Read CELEBREM L&#8217;ANIVERSARI DE LA GALA!\">Llegeix m\u00e9s\u00bb<\/a><\/p>\n","protected":false},"author":1,"featured_media":0,"comment_status":"open","ping_status":"closed","sticky":false,"template":"","format":"standard","meta":{"_bbp_topic_count":0,"_bbp_reply_count":0,"_bbp_total_topic_count":0,"_bbp_total_reply_count":0,"_bbp_voice_count":0,"_bbp_anonymous_reply_count":0,"_bbp_topic_count_hidden":0,"_bbp_reply_count_hidden":0,"_bbp_forum_subforum_count":0,"footnotes":""},"categories":[14,59,2,4],"tags":[],"class_list":["post-4103","post","type-post","status-publish","format-standard","hentry","category-ei1-ei2","category-primer-cicle-ed-infantil","category-infantil","category-portada"],"post_mailing_queue_ids":[],"_links":{"self":[{"href":"https:\/\/agora.xtec.cat\/escolamestralvilanova\/wp-json\/wp\/v2\/posts\/4103","targetHints":{"allow":["GET"]}}],"collection":[{"href":"https:\/\/agora.xtec.cat\/escolamestralvilanova\/wp-json\/wp\/v2\/posts"}],"about":[{"href":"https:\/\/agora.xtec.cat\/escolamestralvilanova\/wp-json\/wp\/v2\/types\/post"}],"author":[{"embeddable":true,"href":"https:\/\/agora.xtec.cat\/escolamestralvilanova\/wp-json\/wp\/v2\/users\/1"}],"replies":[{"embeddable":true,"href":"https:\/\/agora.xtec.cat\/escolamestralvilanova\/wp-json\/wp\/v2\/comments?post=4103"}],"version-history":[{"count":1,"href":"https:\/\/agora.xtec.cat\/escolamestralvilanova\/wp-json\/wp\/v2\/posts\/4103\/revisions"}],"predecessor-version":[{"id":4105,"href":"https:\/\/agora.xtec.cat\/escolamestralvilanova\/wp-json\/wp\/v2\/posts\/4103\/revisions\/4105"}],"wp:attachment":[{"href":"https:\/\/agora.xtec.cat\/escolamestralvilanova\/wp-json\/wp\/v2\/media?parent=4103"}],"wp:term":[{"taxonomy":"category","embeddable":true,"href":"https:\/\/agora.xtec.cat\/escolamestralvilanova\/wp-json\/wp\/v2\/categories?post=4103"},{"taxonomy":"post_tag","embeddable":true,"href":"https:\/\/agora.xtec.cat\/escolamestralvilanova\/wp-json\/wp\/v2\/tags?post=4103"}],"curies":[{"name":"wp","href":"https:\/\/api.w.org\/{rel}","templated":true}]}}