{"id":4100,"date":"2020-11-17T12:05:54","date_gmt":"2020-11-17T11:05:54","guid":{"rendered":"http:\/\/agora.xtec.cat\/escolamestralvilanova\/?p=4100"},"modified":"2020-11-17T12:06:04","modified_gmt":"2020-11-17T11:06:04","slug":"els-pirates","status":"publish","type":"post","link":"https:\/\/agora.xtec.cat\/escolamestralvilanova\/general\/els-pirates\/","title":{"rendered":"ELS PIRATES!"},"content":{"rendered":"<p>Els infants de primer estem treballant els pirates!<\/p>\n<p>Despr\u00e9s de descobrir que la can\u00e7\u00f3 de &#8220;Els pirates&#8221; del grup de m\u00fasica El pot petit ens encanta hem comen\u00e7at a treballar a partir d&#8217;aquesta can\u00e7\u00f3.<\/p>\n<p>L&#8217;hem escoltat, l&#8217;hem ent\u00e8s, l&#8217;hem llegit, hi hem marcat paraules&#8230; Un cop fet aix\u00f2 hem descrit una imatge d&#8217;un vaixell pirata, i despr\u00e9s de treballar el vocabulari hem escrit un text. Estem treballant el gust per la lectura i cada dia ens agrada m\u00e9s llegir textos i comentar-los.<\/p>\n<p>Estem elaborant un mapa del tresor i ens ha encantat l&#8217;activitat!<\/p>\n<p>La motivaci\u00f3 fa que llegir i escriure sigui m\u00e9s divertit per nosaltres.<\/p>\n<ul>\n<li><a href=\"https:\/\/photos.app.goo.gl\/oMoQUMqWnKiUKvnV6\">ENLLA\u00c7 A LES FOTOGRAFIES<\/a><\/li>\n<\/ul>\n<p><a href=\"https:\/\/agora.xtec.cat\/escolamestralvilanova\/wp-content\/uploads\/usu729\/2020\/11\/collage-1.png\"><img loading=\"lazy\" decoding=\"async\" class=\"alignnone size-full wp-image-4101\" src=\"https:\/\/agora.xtec.cat\/escolamestralvilanova\/wp-content\/uploads\/usu729\/2020\/11\/collage-1.png\" alt=\"\" width=\"640\" height=\"640\" srcset=\"https:\/\/agora.xtec.cat\/escolamestralvilanova\/wp-content\/uploads\/usu729\/2020\/11\/collage-1.png 640w, https:\/\/agora.xtec.cat\/escolamestralvilanova\/wp-content\/uploads\/usu729\/2020\/11\/collage-1-150x150.png 150w, https:\/\/agora.xtec.cat\/escolamestralvilanova\/wp-content\/uploads\/usu729\/2020\/11\/collage-1-300x300.png 300w\" sizes=\"auto, (max-width: 640px) 100vw, 640px\" \/><\/a><\/p>\n<p>&nbsp;<\/p>\n<p>&nbsp;<\/p>\n<p>&nbsp;<\/p>\n","protected":false},"excerpt":{"rendered":"<p>Els infants de primer estem treballant els pirates!<br \/>\nDespr\u00e9s de descobrir que la can\u00e7\u00f3 de &#8220;Els pirates&#8221; del grup de m\u00fasica El pot petit ens encanta hem comen\u00e7at a treballar a partir d&#8217;aquesta can\u00e7\u00f3.<br \/>\nL&#8217;hem escoltat, l&#8217;hem ent\u00e8s, l&#8217;hem llegit, hi hem marcat paraules&#8230; Un cop fet&hellip;  <a href=\"https:\/\/agora.xtec.cat\/escolamestralvilanova\/general\/els-pirates\/\" title=\"Read ELS PIRATES!\">Llegeix m\u00e9s\u00bb<\/a><\/p>\n","protected":false},"author":6,"featured_media":0,"comment_status":"open","ping_status":"closed","sticky":false,"template":"","format":"standard","meta":{"_bbp_topic_count":0,"_bbp_reply_count":0,"_bbp_total_topic_count":0,"_bbp_total_reply_count":0,"_bbp_voice_count":0,"_bbp_anonymous_reply_count":0,"_bbp_topic_count_hidden":0,"_bbp_reply_count_hidden":0,"_bbp_forum_subforum_count":0,"footnotes":""},"categories":[10,1,4,5],"tags":[],"class_list":["post-4100","post","type-post","status-publish","format-standard","hentry","category-ei5-primer","category-general","category-portada","category-primaria"],"post_mailing_queue_ids":[],"_links":{"self":[{"href":"https:\/\/agora.xtec.cat\/escolamestralvilanova\/wp-json\/wp\/v2\/posts\/4100","targetHints":{"allow":["GET"]}}],"collection":[{"href":"https:\/\/agora.xtec.cat\/escolamestralvilanova\/wp-json\/wp\/v2\/posts"}],"about":[{"href":"https:\/\/agora.xtec.cat\/escolamestralvilanova\/wp-json\/wp\/v2\/types\/post"}],"author":[{"embeddable":true,"href":"https:\/\/agora.xtec.cat\/escolamestralvilanova\/wp-json\/wp\/v2\/users\/6"}],"replies":[{"embeddable":true,"href":"https:\/\/agora.xtec.cat\/escolamestralvilanova\/wp-json\/wp\/v2\/comments?post=4100"}],"version-history":[{"count":1,"href":"https:\/\/agora.xtec.cat\/escolamestralvilanova\/wp-json\/wp\/v2\/posts\/4100\/revisions"}],"predecessor-version":[{"id":4102,"href":"https:\/\/agora.xtec.cat\/escolamestralvilanova\/wp-json\/wp\/v2\/posts\/4100\/revisions\/4102"}],"wp:attachment":[{"href":"https:\/\/agora.xtec.cat\/escolamestralvilanova\/wp-json\/wp\/v2\/media?parent=4100"}],"wp:term":[{"taxonomy":"category","embeddable":true,"href":"https:\/\/agora.xtec.cat\/escolamestralvilanova\/wp-json\/wp\/v2\/categories?post=4100"},{"taxonomy":"post_tag","embeddable":true,"href":"https:\/\/agora.xtec.cat\/escolamestralvilanova\/wp-json\/wp\/v2\/tags?post=4100"}],"curies":[{"name":"wp","href":"https:\/\/api.w.org\/{rel}","templated":true}]}}