{"id":4052,"date":"2020-11-11T13:43:28","date_gmt":"2020-11-11T12:43:28","guid":{"rendered":"http:\/\/agora.xtec.cat\/escolamestralvilanova\/?p=4052"},"modified":"2020-11-11T13:46:02","modified_gmt":"2020-11-11T12:46:02","slug":"banksy","status":"publish","type":"post","link":"https:\/\/agora.xtec.cat\/escolamestralvilanova\/infantil\/banksy\/","title":{"rendered":"BANKSY"},"content":{"rendered":"<p style=\"text-align: justify;\">El projecte dels superherois ens ha \u00a0portat a con\u00e8ixer &#8220;Banksy&#8221;, un grafiter an\u00f2nim que \u00a0ha fet un grafiti en qu\u00e8 un nen juga amb una superhero\u00efna: una infermera&#8230; referint-se \u00a0a la import\u00e0ncia dels sanitaris en aquesta pand\u00e8mia.<\/p>\n<p style=\"text-align: justify;\">A m\u00e9s a m\u00e9s, hem descobert que a Vilanova hi ha un grafiti, d&#8217;una altra grafitera molt coneguda: la Lily&#8230; Per\u00f2 el que m\u00e9s ens ha agradat \u00e9s fer els nostres propis grafitis!!<\/p>\n<ul>\n<li><a href=\"https:\/\/photos.app.goo.gl\/669BDvicdPgKGRWX7\">ENLLA\u00c7 A LES FOTOGRAFIES<\/a><\/li>\n<\/ul>\n<p><a href=\"https:\/\/photos.app.goo.gl\/669BDvicdPgKGRWX7\"><img loading=\"lazy\" decoding=\"async\" class=\"alignnone wp-image-4057 size-large\" src=\"https:\/\/agora.xtec.cat\/escolamestralvilanova\/wp-content\/uploads\/usu729\/2020\/11\/IMG_20201103_130611-1024x341.jpg\" alt=\"\" width=\"1024\" height=\"341\" srcset=\"https:\/\/agora.xtec.cat\/escolamestralvilanova\/wp-content\/uploads\/usu729\/2020\/11\/IMG_20201103_130611-1024x341.jpg 1024w, https:\/\/agora.xtec.cat\/escolamestralvilanova\/wp-content\/uploads\/usu729\/2020\/11\/IMG_20201103_130611-300x100.jpg 300w, https:\/\/agora.xtec.cat\/escolamestralvilanova\/wp-content\/uploads\/usu729\/2020\/11\/IMG_20201103_130611-768x255.jpg 768w\" sizes=\"auto, (max-width: 1024px) 100vw, 1024px\" \/><\/a><\/p>\n","protected":false},"excerpt":{"rendered":"<p>El projecte dels superherois ens ha \u00a0portat a con\u00e8ixer &#8220;Banksy&#8221;, un grafiter an\u00f2nim que \u00a0ha fet un grafiti en qu\u00e8 un nen juga amb una superhero\u00efna: una infermera&#8230; referint-se \u00a0a la import\u00e0ncia dels sanitaris en aquesta pand\u00e8mia.<br \/>\nA m\u00e9s a m\u00e9s, hem descobert que a Vilanova&hellip;  <a href=\"https:\/\/agora.xtec.cat\/escolamestralvilanova\/infantil\/banksy\/\" title=\"Read BANKSY\">Llegeix m\u00e9s\u00bb<\/a><\/p>\n","protected":false},"author":1,"featured_media":0,"comment_status":"open","ping_status":"closed","sticky":false,"template":"","format":"standard","meta":{"_bbp_topic_count":0,"_bbp_reply_count":0,"_bbp_total_topic_count":0,"_bbp_total_reply_count":0,"_bbp_voice_count":0,"_bbp_anonymous_reply_count":0,"_bbp_topic_count_hidden":0,"_bbp_reply_count_hidden":0,"_bbp_forum_subforum_count":0,"footnotes":""},"categories":[3,8,9,2,4],"tags":[],"class_list":["post-4052","post","type-post","status-publish","format-standard","hentry","category-ei3-ei4-ei5","category-ei4","category-ei5","category-infantil","category-portada"],"post_mailing_queue_ids":[],"_links":{"self":[{"href":"https:\/\/agora.xtec.cat\/escolamestralvilanova\/wp-json\/wp\/v2\/posts\/4052","targetHints":{"allow":["GET"]}}],"collection":[{"href":"https:\/\/agora.xtec.cat\/escolamestralvilanova\/wp-json\/wp\/v2\/posts"}],"about":[{"href":"https:\/\/agora.xtec.cat\/escolamestralvilanova\/wp-json\/wp\/v2\/types\/post"}],"author":[{"embeddable":true,"href":"https:\/\/agora.xtec.cat\/escolamestralvilanova\/wp-json\/wp\/v2\/users\/1"}],"replies":[{"embeddable":true,"href":"https:\/\/agora.xtec.cat\/escolamestralvilanova\/wp-json\/wp\/v2\/comments?post=4052"}],"version-history":[{"count":3,"href":"https:\/\/agora.xtec.cat\/escolamestralvilanova\/wp-json\/wp\/v2\/posts\/4052\/revisions"}],"predecessor-version":[{"id":4059,"href":"https:\/\/agora.xtec.cat\/escolamestralvilanova\/wp-json\/wp\/v2\/posts\/4052\/revisions\/4059"}],"wp:attachment":[{"href":"https:\/\/agora.xtec.cat\/escolamestralvilanova\/wp-json\/wp\/v2\/media?parent=4052"}],"wp:term":[{"taxonomy":"category","embeddable":true,"href":"https:\/\/agora.xtec.cat\/escolamestralvilanova\/wp-json\/wp\/v2\/categories?post=4052"},{"taxonomy":"post_tag","embeddable":true,"href":"https:\/\/agora.xtec.cat\/escolamestralvilanova\/wp-json\/wp\/v2\/tags?post=4052"}],"curies":[{"name":"wp","href":"https:\/\/api.w.org\/{rel}","templated":true}]}}