{"id":4051,"date":"2020-11-11T15:53:33","date_gmt":"2020-11-11T14:53:33","guid":{"rendered":"http:\/\/agora.xtec.cat\/escolamestralvilanova\/?p=4051"},"modified":"2020-11-12T18:32:55","modified_gmt":"2020-11-12T17:32:55","slug":"en-guillem-ens-presenta-la-seva-capsa-de-vida","status":"publish","type":"post","link":"https:\/\/agora.xtec.cat\/escolamestralvilanova\/general\/en-guillem-ens-presenta-la-seva-capsa-de-vida\/","title":{"rendered":"EN GUILLEM ENS PRESENTA LA SEVA CAPSA DE VIDA!"},"content":{"rendered":"<p style=\"text-align: justify;\">Avui en Guillem ens ha presentat la seva CAPSA DE VIDA. Tots els infants s&#8217;han mostrat molt motivats i encuriosits per all\u00f2 que havia posat el seu company dins la seva capsa.<\/p>\n<p style=\"text-align: justify;\">En Guillem ens ha presentat una s\u00e8rie d&#8217;objectes, molts relacionats amb el rugbi que \u00e9s el seu esport preferit i fotografies representatives de la seva vida. Tamb\u00e9 ens ha portat v\u00eddeos de construccions de rob\u00f2tica fetes amb lego. Hem escoltat amb molt d&#8217;inter\u00e8s la seva explicaci\u00f3.<\/p>\n<p style=\"text-align: justify;\">Ha estat un moment molt bonic on hem pogut compartir i con\u00e8ixer una mica m\u00e9s el nostre company.<\/p>\n<p style=\"text-align: justify;\">Gr\u00e0cies Guillem.<\/p>\n<ul>\n<li style=\"text-align: justify;\"><a href=\"https:\/\/photos.app.goo.gl\/BV6QkudEYh3hYaL37\">ENLLA\u00c7 AL V\u00cdDEO<\/a><\/li>\n<\/ul>\n<p><a href=\"https:\/\/photos.app.goo.gl\/bck2y4zpHWYtSuoh6\"><img loading=\"lazy\" decoding=\"async\" class=\"alignnone wp-image-4060 size-medium\" src=\"https:\/\/agora.xtec.cat\/escolamestralvilanova\/wp-content\/uploads\/usu729\/2020\/11\/IMG-4743-300x175.jpg\" alt=\"\" width=\"300\" height=\"175\" srcset=\"https:\/\/agora.xtec.cat\/escolamestralvilanova\/wp-content\/uploads\/usu729\/2020\/11\/IMG-4743-300x175.jpg 300w, https:\/\/agora.xtec.cat\/escolamestralvilanova\/wp-content\/uploads\/usu729\/2020\/11\/IMG-4743.jpg 726w\" sizes=\"auto, (max-width: 300px) 100vw, 300px\" \/><\/a><\/p>\n","protected":false},"excerpt":{"rendered":"<p>Avui en Guillem ens ha presentat la seva CAPSA DE VIDA. Tots els infants s&#8217;han mostrat molt motivats i encuriosits per all\u00f2 que havia posat el seu company dins la seva capsa.<br \/>\nEn Guillem ens ha presentat una s\u00e8rie d&#8217;objectes, molts relacionats amb el rugbi que&hellip;  <a href=\"https:\/\/agora.xtec.cat\/escolamestralvilanova\/general\/en-guillem-ens-presenta-la-seva-capsa-de-vida\/\" title=\"Read EN GUILLEM ENS PRESENTA LA SEVA CAPSA DE VIDA!\">Llegeix m\u00e9s\u00bb<\/a><\/p>\n","protected":false},"author":6,"featured_media":0,"comment_status":"open","ping_status":"closed","sticky":false,"template":"","format":"standard","meta":{"_bbp_topic_count":0,"_bbp_reply_count":0,"_bbp_total_topic_count":0,"_bbp_total_reply_count":0,"_bbp_voice_count":0,"_bbp_anonymous_reply_count":0,"_bbp_topic_count_hidden":0,"_bbp_reply_count_hidden":0,"_bbp_forum_subforum_count":0,"footnotes":""},"categories":[10,1,4,5],"tags":[],"class_list":["post-4051","post","type-post","status-publish","format-standard","hentry","category-ei5-primer","category-general","category-portada","category-primaria"],"post_mailing_queue_ids":[],"_links":{"self":[{"href":"https:\/\/agora.xtec.cat\/escolamestralvilanova\/wp-json\/wp\/v2\/posts\/4051","targetHints":{"allow":["GET"]}}],"collection":[{"href":"https:\/\/agora.xtec.cat\/escolamestralvilanova\/wp-json\/wp\/v2\/posts"}],"about":[{"href":"https:\/\/agora.xtec.cat\/escolamestralvilanova\/wp-json\/wp\/v2\/types\/post"}],"author":[{"embeddable":true,"href":"https:\/\/agora.xtec.cat\/escolamestralvilanova\/wp-json\/wp\/v2\/users\/6"}],"replies":[{"embeddable":true,"href":"https:\/\/agora.xtec.cat\/escolamestralvilanova\/wp-json\/wp\/v2\/comments?post=4051"}],"version-history":[{"count":3,"href":"https:\/\/agora.xtec.cat\/escolamestralvilanova\/wp-json\/wp\/v2\/posts\/4051\/revisions"}],"predecessor-version":[{"id":4079,"href":"https:\/\/agora.xtec.cat\/escolamestralvilanova\/wp-json\/wp\/v2\/posts\/4051\/revisions\/4079"}],"wp:attachment":[{"href":"https:\/\/agora.xtec.cat\/escolamestralvilanova\/wp-json\/wp\/v2\/media?parent=4051"}],"wp:term":[{"taxonomy":"category","embeddable":true,"href":"https:\/\/agora.xtec.cat\/escolamestralvilanova\/wp-json\/wp\/v2\/categories?post=4051"},{"taxonomy":"post_tag","embeddable":true,"href":"https:\/\/agora.xtec.cat\/escolamestralvilanova\/wp-json\/wp\/v2\/tags?post=4051"}],"curies":[{"name":"wp","href":"https:\/\/api.w.org\/{rel}","templated":true}]}}