{"id":4026,"date":"2020-11-09T18:09:57","date_gmt":"2020-11-09T17:09:57","guid":{"rendered":"http:\/\/agora.xtec.cat\/escolamestralvilanova\/?p=4026"},"modified":"2020-11-16T16:57:39","modified_gmt":"2020-11-16T15:57:39","slug":"taller-darquitectura","status":"publish","type":"post","link":"https:\/\/agora.xtec.cat\/escolamestralvilanova\/portada\/taller-darquitectura\/","title":{"rendered":"TALLER: ARQUITECTURA"},"content":{"rendered":"<p style=\"text-align: justify;\">Els alumnes de sis\u00e8, a les sessions de tallers matem\u00e0tics, estem realitzant el taller d&#8217;arquitectura.<\/p>\n<p style=\"text-align: justify;\">En aquest taller hem de dissenyar la nostra classe, per la qual cosa treballem continguts matem\u00e0tics com: la superf\u00edcie, per\u00edmetre, canvis d&#8217;unitat de mesura, escales, etc.<\/p>\n<p style=\"text-align: justify;\">Finalment, per acabar el taller, tot utilitzant el programa <a href=\"https:\/\/floorplanner.com\/login\">Foorplanner,<\/a> hem de fer el pl\u00e0nol virtual de la nostra classe.<\/p>\n<p style=\"text-align: justify;\">Ens agrada molt aquest taller!<\/p>\n<ul>\n<li style=\"text-align: justify;\"><a href=\"https:\/\/www.google.com\/url?q=https:\/\/photos.app.goo.gl\/Utrwn7Ewp9WXuBCe7&amp;source=gmail&amp;ust=1605027790866000&amp;usg=AFQjCNHuHtiU-SdMpMhJW3n9BqnJ9r6SlA\">ENLLA\u00c7 A LES FOTOGRAFIES<\/a><\/li>\n<\/ul>\n<p><a href=\"https:\/\/www.google.com\/url?q=https:\/\/photos.app.goo.gl\/Utrwn7Ewp9WXuBCe7&amp;source=gmail&amp;ust=1605027790866000&amp;usg=AFQjCNHuHtiU-SdMpMhJW3n9BqnJ9r6SlA\"><img loading=\"lazy\" decoding=\"async\" class=\"alignnone size-medium wp-image-4027\" src=\"https:\/\/agora.xtec.cat\/escolamestralvilanova\/wp-content\/uploads\/usu729\/2020\/11\/IMG_6128-300x225.jpg\" alt=\"\" width=\"300\" height=\"225\" srcset=\"https:\/\/agora.xtec.cat\/escolamestralvilanova\/wp-content\/uploads\/usu729\/2020\/11\/IMG_6128-300x225.jpg 300w, https:\/\/agora.xtec.cat\/escolamestralvilanova\/wp-content\/uploads\/usu729\/2020\/11\/IMG_6128-768x576.jpg 768w, https:\/\/agora.xtec.cat\/escolamestralvilanova\/wp-content\/uploads\/usu729\/2020\/11\/IMG_6128-1024x768.jpg 1024w, https:\/\/agora.xtec.cat\/escolamestralvilanova\/wp-content\/uploads\/usu729\/2020\/11\/IMG_6128-200x150.jpg 200w, https:\/\/agora.xtec.cat\/escolamestralvilanova\/wp-content\/uploads\/usu729\/2020\/11\/IMG_6128.jpg 2000w\" sizes=\"auto, (max-width: 300px) 100vw, 300px\" \/><\/a><\/p>\n<p>&nbsp;<\/p>\n","protected":false},"excerpt":{"rendered":"<p>Els alumnes de sis\u00e8, a les sessions de tallers matem\u00e0tics, estem realitzant el taller d&#8217;arquitectura.<br \/>\nEn aquest taller hem de dissenyar la nostra classe, per la qual cosa treballem continguts matem\u00e0tics com: la superf\u00edcie, per\u00edmetre, canvis d&#8217;unitat de mesura, escales, etc.<br \/>\nFinalment, per acabar el taller, tot&hellip;  <a href=\"https:\/\/agora.xtec.cat\/escolamestralvilanova\/portada\/taller-darquitectura\/\" title=\"Read TALLER: ARQUITECTURA\">Llegeix m\u00e9s\u00bb<\/a><\/p>\n","protected":false},"author":1,"featured_media":0,"comment_status":"open","ping_status":"closed","sticky":false,"template":"","format":"standard","meta":{"_bbp_topic_count":0,"_bbp_reply_count":0,"_bbp_total_topic_count":0,"_bbp_total_reply_count":0,"_bbp_voice_count":0,"_bbp_anonymous_reply_count":0,"_bbp_topic_count_hidden":0,"_bbp_reply_count_hidden":0,"_bbp_forum_subforum_count":0,"footnotes":""},"categories":[15,4,5],"tags":[],"class_list":["post-4026","post","type-post","status-publish","format-standard","hentry","category-cicle-superior","category-portada","category-primaria"],"post_mailing_queue_ids":[],"_links":{"self":[{"href":"https:\/\/agora.xtec.cat\/escolamestralvilanova\/wp-json\/wp\/v2\/posts\/4026","targetHints":{"allow":["GET"]}}],"collection":[{"href":"https:\/\/agora.xtec.cat\/escolamestralvilanova\/wp-json\/wp\/v2\/posts"}],"about":[{"href":"https:\/\/agora.xtec.cat\/escolamestralvilanova\/wp-json\/wp\/v2\/types\/post"}],"author":[{"embeddable":true,"href":"https:\/\/agora.xtec.cat\/escolamestralvilanova\/wp-json\/wp\/v2\/users\/1"}],"replies":[{"embeddable":true,"href":"https:\/\/agora.xtec.cat\/escolamestralvilanova\/wp-json\/wp\/v2\/comments?post=4026"}],"version-history":[{"count":3,"href":"https:\/\/agora.xtec.cat\/escolamestralvilanova\/wp-json\/wp\/v2\/posts\/4026\/revisions"}],"predecessor-version":[{"id":4097,"href":"https:\/\/agora.xtec.cat\/escolamestralvilanova\/wp-json\/wp\/v2\/posts\/4026\/revisions\/4097"}],"wp:attachment":[{"href":"https:\/\/agora.xtec.cat\/escolamestralvilanova\/wp-json\/wp\/v2\/media?parent=4026"}],"wp:term":[{"taxonomy":"category","embeddable":true,"href":"https:\/\/agora.xtec.cat\/escolamestralvilanova\/wp-json\/wp\/v2\/categories?post=4026"},{"taxonomy":"post_tag","embeddable":true,"href":"https:\/\/agora.xtec.cat\/escolamestralvilanova\/wp-json\/wp\/v2\/tags?post=4026"}],"curies":[{"name":"wp","href":"https:\/\/api.w.org\/{rel}","templated":true}]}}