{"id":4022,"date":"2020-11-09T17:59:31","date_gmt":"2020-11-09T16:59:31","guid":{"rendered":"http:\/\/agora.xtec.cat\/escolamestralvilanova\/?p=4022"},"modified":"2020-11-09T17:59:59","modified_gmt":"2020-11-09T16:59:59","slug":"experiencies-amb-familia","status":"publish","type":"post","link":"https:\/\/agora.xtec.cat\/escolamestralvilanova\/infantil\/experiencies-amb-familia\/","title":{"rendered":"EXPERI\u00c8NCIES AMB FAM\u00cdLIA"},"content":{"rendered":"<p style=\"text-align: justify;\">Ja fa dos dilluns que els infants de l&#8217;escoleta expliquem als companys el que hem fet el cap de setmana amb les nostres fam\u00edlies.<br \/>\nEl dilluns passat ho va fer l&#8217;Arlet, que com podreu veure va fer panellets, va anar a comprar, va passejar a la llacuna, va recollir glans i ens les va portar a l&#8217;escoleta, amb les quals hi vam jugar a l&#8217;aula ! <img decoding=\"async\" class=\"CToWUd\" src=\"https:\/\/mail.google.com\/mail\/e\/1f332\" alt=\"\ud83c\udf32\" data-goomoji=\"1f332\" data-image-whitelisted=\"\" \/><img decoding=\"async\" class=\"CToWUd\" src=\"https:\/\/mail.google.com\/mail\/e\/1f469\" alt=\"\ud83d\udc69\" data-goomoji=\"1f469\" data-image-whitelisted=\"\" \/>\u200d<img decoding=\"async\" class=\"CToWUd\" src=\"https:\/\/mail.google.com\/mail\/e\/1f373\" alt=\"\ud83c\udf73\" data-goomoji=\"1f373\" data-image-whitelisted=\"\" \/><br \/>\nAvui li ha tocat a la Freya, que ens ha pintat un dibuix de la seva s\u00e8rie animada preferida, &#8220;Bingo y Rolly&#8221;.<img decoding=\"async\" class=\"CToWUd\" src=\"https:\/\/mail.google.com\/mail\/e\/1f3a8\" alt=\"\ud83c\udfa8\" data-goomoji=\"1f3a8\" data-image-whitelisted=\"\" \/><br \/>\nCom que els infants no l&#8217;havien vist mai hem posat un v\u00eddeo on hi sortien aquests dos gossets i els hi ha agradat molt! Ambdues experi\u00e8ncies les hem enganxat en una llibreta que tenim a l&#8217;aula.<br \/>\nMoltes gr\u00e0cies fam\u00edlies per la vostra colaboraci\u00f3! <img decoding=\"async\" class=\"CToWUd\" src=\"https:\/\/mail.google.com\/mail\/e\/1f44f\" alt=\"\ud83d\udc4f\" data-goomoji=\"1f44f\" data-image-whitelisted=\"\" \/><img decoding=\"async\" class=\"CToWUd\" src=\"https:\/\/mail.google.com\/mail\/e\/1f600\" alt=\"\ud83d\ude00\" data-goomoji=\"1f600\" data-image-whitelisted=\"\" \/><\/p>\n<ul>\n<li><a href=\"https:\/\/photos.app.goo.gl\/mok8cHLN6fpRCcTz7\">ENLLA\u00c7 A LES FOTOGRAFIES<\/a><\/li>\n<\/ul>\n<p><a href=\"https:\/\/photos.app.goo.gl\/mok8cHLN6fpRCcTz7\"><img loading=\"lazy\" decoding=\"async\" class=\"alignnone wp-image-4023 size-medium\" src=\"https:\/\/agora.xtec.cat\/escolamestralvilanova\/wp-content\/uploads\/usu729\/2020\/11\/IMG_20201109_093457-e1604941145471-300x300.jpg\" alt=\"\" width=\"300\" height=\"300\" srcset=\"https:\/\/agora.xtec.cat\/escolamestralvilanova\/wp-content\/uploads\/usu729\/2020\/11\/IMG_20201109_093457-e1604941145471-300x300.jpg 300w, https:\/\/agora.xtec.cat\/escolamestralvilanova\/wp-content\/uploads\/usu729\/2020\/11\/IMG_20201109_093457-e1604941145471-150x150.jpg 150w, https:\/\/agora.xtec.cat\/escolamestralvilanova\/wp-content\/uploads\/usu729\/2020\/11\/IMG_20201109_093457-e1604941145471-768x768.jpg 768w, https:\/\/agora.xtec.cat\/escolamestralvilanova\/wp-content\/uploads\/usu729\/2020\/11\/IMG_20201109_093457-e1604941145471-1024x1024.jpg 1024w\" sizes=\"auto, (max-width: 300px) 100vw, 300px\" \/><\/a><\/p>\n<div class=\"yj6qo\"><\/div>\n<div class=\"adL\"><\/div>\n","protected":false},"excerpt":{"rendered":"<p>Ja fa dos dilluns que els infants de l&#8217;escoleta expliquem als companys el que hem fet el cap de setmana amb les nostres fam\u00edlies.<br \/>\nEl dilluns passat ho va fer l&#8217;Arlet, que com podreu veure va fer panellets, va anar a comprar, va passejar a la&hellip;  <a href=\"https:\/\/agora.xtec.cat\/escolamestralvilanova\/infantil\/experiencies-amb-familia\/\" title=\"Read EXPERI\u00c8NCIES AMB FAM\u00cdLIA\">Llegeix m\u00e9s\u00bb<\/a><\/p>\n","protected":false},"author":1,"featured_media":0,"comment_status":"open","ping_status":"closed","sticky":false,"template":"","format":"standard","meta":{"_bbp_topic_count":0,"_bbp_reply_count":0,"_bbp_total_topic_count":0,"_bbp_total_reply_count":0,"_bbp_voice_count":0,"_bbp_anonymous_reply_count":0,"_bbp_topic_count_hidden":0,"_bbp_reply_count_hidden":0,"_bbp_forum_subforum_count":0,"footnotes":""},"categories":[14,59,2,4],"tags":[],"class_list":["post-4022","post","type-post","status-publish","format-standard","hentry","category-ei1-ei2","category-primer-cicle-ed-infantil","category-infantil","category-portada"],"post_mailing_queue_ids":[],"_links":{"self":[{"href":"https:\/\/agora.xtec.cat\/escolamestralvilanova\/wp-json\/wp\/v2\/posts\/4022","targetHints":{"allow":["GET"]}}],"collection":[{"href":"https:\/\/agora.xtec.cat\/escolamestralvilanova\/wp-json\/wp\/v2\/posts"}],"about":[{"href":"https:\/\/agora.xtec.cat\/escolamestralvilanova\/wp-json\/wp\/v2\/types\/post"}],"author":[{"embeddable":true,"href":"https:\/\/agora.xtec.cat\/escolamestralvilanova\/wp-json\/wp\/v2\/users\/1"}],"replies":[{"embeddable":true,"href":"https:\/\/agora.xtec.cat\/escolamestralvilanova\/wp-json\/wp\/v2\/comments?post=4022"}],"version-history":[{"count":1,"href":"https:\/\/agora.xtec.cat\/escolamestralvilanova\/wp-json\/wp\/v2\/posts\/4022\/revisions"}],"predecessor-version":[{"id":4024,"href":"https:\/\/agora.xtec.cat\/escolamestralvilanova\/wp-json\/wp\/v2\/posts\/4022\/revisions\/4024"}],"wp:attachment":[{"href":"https:\/\/agora.xtec.cat\/escolamestralvilanova\/wp-json\/wp\/v2\/media?parent=4022"}],"wp:term":[{"taxonomy":"category","embeddable":true,"href":"https:\/\/agora.xtec.cat\/escolamestralvilanova\/wp-json\/wp\/v2\/categories?post=4022"},{"taxonomy":"post_tag","embeddable":true,"href":"https:\/\/agora.xtec.cat\/escolamestralvilanova\/wp-json\/wp\/v2\/tags?post=4022"}],"curies":[{"name":"wp","href":"https:\/\/api.w.org\/{rel}","templated":true}]}}