{"id":3983,"date":"2020-11-04T21:01:25","date_gmt":"2020-11-04T20:01:25","guid":{"rendered":"http:\/\/agora.xtec.cat\/escolamestralvilanova\/?p=3983"},"modified":"2020-11-04T23:30:18","modified_gmt":"2020-11-04T22:30:18","slug":"lanael-ens-presenta-la-seva-capsa-de-vida","status":"publish","type":"post","link":"https:\/\/agora.xtec.cat\/escolamestralvilanova\/general\/lanael-ens-presenta-la-seva-capsa-de-vida\/","title":{"rendered":"L&#8217;ANA\u00cbL ENS PRESENTA LA SEVA CAPSA DE VIDA!"},"content":{"rendered":"<p style=\"text-align: justify;\">Avui L&#8217;Ana\u00ebl ens ha presentat la seva CAPSA DE VIDA. Tots els infants s\u2019han mostrat molt motivats i encuriosits per all\u00f2 que havia posat el seu company dins la seva capsa.<\/p>\n<p style=\"text-align: justify;\">Ens ha presentat una s\u00e8rie d\u2019objectes, un joc de taula i \u00e0lbums de fotografies representatives de la seva vida, la resta de la classe hem escoltat amb molt d\u2019inter\u00e8s la seva explicaci\u00f3.<\/p>\n<p style=\"text-align: justify;\">Ha estat un moment molt bonic on hem pogut compartir i con\u00e8ixer una mica m\u00e9s el nostre company. Despr\u00e9s de la presentaci\u00f3 hem jugat al joc que ha portat i ens ha encantat! Gr\u00e0cies Ana\u00ebl.<\/p>\n<ul>\n<li><a href=\"https:\/\/photos.app.goo.gl\/BV6QkudEYh3hYaL37\">ENLLA\u00c7 AL V\u00cdDEO<\/a><\/li>\n<\/ul>\n<p><a href=\"https:\/\/photos.app.goo.gl\/Xrh5yb3NoFWhnTjW7\"><img loading=\"lazy\" decoding=\"async\" class=\"alignnone wp-image-3988 size-full\" src=\"https:\/\/agora.xtec.cat\/escolamestralvilanova\/wp-content\/uploads\/usu729\/2020\/11\/Screenshot_2020-11-04-CAPSES-DE-VIDA.png\" alt=\"\" width=\"486\" height=\"329\" srcset=\"https:\/\/agora.xtec.cat\/escolamestralvilanova\/wp-content\/uploads\/usu729\/2020\/11\/Screenshot_2020-11-04-CAPSES-DE-VIDA.png 486w, https:\/\/agora.xtec.cat\/escolamestralvilanova\/wp-content\/uploads\/usu729\/2020\/11\/Screenshot_2020-11-04-CAPSES-DE-VIDA-300x203.png 300w\" sizes=\"auto, (max-width: 486px) 100vw, 486px\" \/><\/a><\/p>\n","protected":false},"excerpt":{"rendered":"<p>Avui L&#8217;Ana\u00ebl ens ha presentat la seva CAPSA DE VIDA. Tots els infants s\u2019han mostrat molt motivats i encuriosits per all\u00f2 que havia posat el seu company dins la seva capsa.<br \/>\nEns ha presentat una s\u00e8rie d\u2019objectes, un joc de taula i \u00e0lbums de fotografies representatives&hellip;  <a href=\"https:\/\/agora.xtec.cat\/escolamestralvilanova\/general\/lanael-ens-presenta-la-seva-capsa-de-vida\/\" title=\"Read L&#8217;ANA\u00cbL ENS PRESENTA LA SEVA CAPSA DE VIDA!\">Llegeix m\u00e9s\u00bb<\/a><\/p>\n","protected":false},"author":6,"featured_media":0,"comment_status":"open","ping_status":"closed","sticky":false,"template":"","format":"standard","meta":{"_bbp_topic_count":0,"_bbp_reply_count":0,"_bbp_total_topic_count":0,"_bbp_total_reply_count":0,"_bbp_voice_count":0,"_bbp_anonymous_reply_count":0,"_bbp_topic_count_hidden":0,"_bbp_reply_count_hidden":0,"_bbp_forum_subforum_count":0,"footnotes":""},"categories":[10,1,4,5],"tags":[],"class_list":["post-3983","post","type-post","status-publish","format-standard","hentry","category-ei5-primer","category-general","category-portada","category-primaria"],"post_mailing_queue_ids":[],"_links":{"self":[{"href":"https:\/\/agora.xtec.cat\/escolamestralvilanova\/wp-json\/wp\/v2\/posts\/3983","targetHints":{"allow":["GET"]}}],"collection":[{"href":"https:\/\/agora.xtec.cat\/escolamestralvilanova\/wp-json\/wp\/v2\/posts"}],"about":[{"href":"https:\/\/agora.xtec.cat\/escolamestralvilanova\/wp-json\/wp\/v2\/types\/post"}],"author":[{"embeddable":true,"href":"https:\/\/agora.xtec.cat\/escolamestralvilanova\/wp-json\/wp\/v2\/users\/6"}],"replies":[{"embeddable":true,"href":"https:\/\/agora.xtec.cat\/escolamestralvilanova\/wp-json\/wp\/v2\/comments?post=3983"}],"version-history":[{"count":3,"href":"https:\/\/agora.xtec.cat\/escolamestralvilanova\/wp-json\/wp\/v2\/posts\/3983\/revisions"}],"predecessor-version":[{"id":3993,"href":"https:\/\/agora.xtec.cat\/escolamestralvilanova\/wp-json\/wp\/v2\/posts\/3983\/revisions\/3993"}],"wp:attachment":[{"href":"https:\/\/agora.xtec.cat\/escolamestralvilanova\/wp-json\/wp\/v2\/media?parent=3983"}],"wp:term":[{"taxonomy":"category","embeddable":true,"href":"https:\/\/agora.xtec.cat\/escolamestralvilanova\/wp-json\/wp\/v2\/categories?post=3983"},{"taxonomy":"post_tag","embeddable":true,"href":"https:\/\/agora.xtec.cat\/escolamestralvilanova\/wp-json\/wp\/v2\/tags?post=3983"}],"curies":[{"name":"wp","href":"https:\/\/api.w.org\/{rel}","templated":true}]}}