{"id":3978,"date":"2020-11-03T13:25:57","date_gmt":"2020-11-03T12:25:57","guid":{"rendered":"http:\/\/agora.xtec.cat\/escolamestralvilanova\/?p=3978"},"modified":"2020-11-16T16:58:01","modified_gmt":"2020-11-16T15:58:01","slug":"taller-de-robotica","status":"publish","type":"post","link":"https:\/\/agora.xtec.cat\/escolamestralvilanova\/portada\/taller-de-robotica\/","title":{"rendered":"TALLER: ROB\u00d2TICA"},"content":{"rendered":"<p>Els alumnes de sis\u00e8 estem treballant la programaci\u00f3 a partir dels seg\u00fcents programes:<\/p>\n<ul>\n<li style=\"font-weight: 400;\"><a href=\"https:\/\/www.edblocksapp.com\/\"><span style=\"font-weight: 400;\">https:\/\/www.edblocksapp.com\/<\/span><\/a><span style=\"font-weight: 400;\"> (SENZILL)<\/span><\/li>\n<li style=\"font-weight: 400;\"><a href=\"https:\/\/www.edscratchapp.com\/\"><span style=\"font-weight: 400;\">https:\/\/www.edscratchapp.com\/<\/span><\/a><span style=\"font-weight: 400;\"> (COMPLEX)<\/span><\/li>\n<li style=\"font-weight: 400;\"><a href=\"https:\/\/www.edpyapp.com\/\"><span style=\"font-weight: 400;\">https:\/\/www.edpyapp.com\/<\/span><\/a><span style=\"font-weight: 400;\"> (PROGRAMACI\u00d3)<\/span><\/li>\n<li style=\"font-weight: 400;\"><a href=\"https:\/\/scratch.mit.edu\"><span style=\"font-weight: 400;\">https:\/\/scratch.mit.edu<\/span><\/a><\/li>\n<\/ul>\n<p>Ens est\u00e0 agradant molt i ara us ensenyem alguna mostra de les activitats que estem realitzant.<\/p>\n<ul>\n<li><a href=\"https:\/\/photos.app.goo.gl\/5aw4KH1KwcQZABwd9\">ENLLA\u00c7 A LES FOTOGRAFIES<\/a><\/li>\n<\/ul>\n<p><a href=\"https:\/\/photos.google.com\/share\/AF1QipOybQ7Bg2NY1gbqtPo1FEGC7H1bFKQJKOhiM2-B0c8tCPxj83NZ_3dYs1N2GS6dJQ?key=Z0pKeTQ0TFNsUVByTHVVQmVtWkJNd1lEcWhQMkR3\"><img loading=\"lazy\" decoding=\"async\" class=\"alignnone size-medium wp-image-3979\" src=\"https:\/\/agora.xtec.cat\/escolamestralvilanova\/wp-content\/uploads\/usu729\/2020\/11\/IMG_6003-300x269.jpg\" alt=\"\" width=\"300\" height=\"269\" srcset=\"https:\/\/agora.xtec.cat\/escolamestralvilanova\/wp-content\/uploads\/usu729\/2020\/11\/IMG_6003-300x269.jpg 300w, https:\/\/agora.xtec.cat\/escolamestralvilanova\/wp-content\/uploads\/usu729\/2020\/11\/IMG_6003.jpg 536w\" sizes=\"auto, (max-width: 300px) 100vw, 300px\" \/><\/a><\/p>\n","protected":false},"excerpt":{"rendered":"<p>Els alumnes de sis\u00e8 estem treballant la programaci\u00f3 a partir dels seg\u00fcents programes:<\/p>\n<ul>\n<li style=\"font-weight: 400;\"><a href=\"https:\/\/www.edblocksapp.com\/\">https:\/\/www.edblocksapp.com\/<\/a> (SENZILL)<\/li>\n<li style=\"font-weight: 400;\"><a href=\"https:\/\/www.edscratchapp.com\/\">https:\/\/www.edscratchapp.com\/<\/a> (COMPLEX)<\/li>\n<li style=\"font-weight: 400;\"><a href=\"https:\/\/www.edpyapp.com\/\">https:\/\/www.edpyapp.com\/<\/a> (PROGRAMACI\u00d3)<\/li>\n<li style=\"font-weight: 400;\"><a href=\"https:\/\/scratch.mit.edu\">https:\/\/scratch.mit.edu<\/a><\/li>\n<\/ul>\n<p>Ens est\u00e0 agradant molt i ara us ensenyem alguna mostra de les activitats que estem realitzant.<\/p>\n<ul>\n<li><a href=\"https:\/\/photos.app.goo.gl\/5aw4KH1KwcQZABwd9\">ENLLA\u00c7 A&hellip;  <a href=\"https:\/\/agora.xtec.cat\/escolamestralvilanova\/portada\/taller-de-robotica\/\" title=\"Read TALLER: ROB\u00d2TICA\">Llegeix m\u00e9s\u00bb<\/a><br \/>\n","protected":false},"author":1,"featured_media":0,"comment_status":"open","ping_status":"closed","sticky":false,"template":"","format":"standard","meta":{"_bbp_topic_count":0,"_bbp_reply_count":0,"_bbp_total_topic_count":0,"_bbp_total_reply_count":0,"_bbp_voice_count":0,"_bbp_anonymous_reply_count":0,"_bbp_topic_count_hidden":0,"_bbp_reply_count_hidden":0,"_bbp_forum_subforum_count":0,"footnotes":""},"categories":[15,4,5],"tags":[],"class_list":["post-3978","post","type-post","status-publish","format-standard","hentry","category-cicle-superior","category-portada","category-primaria"],"post_mailing_queue_ids":[],"_links":{"self":[{"href":"https:\/\/agora.xtec.cat\/escolamestralvilanova\/wp-json\/wp\/v2\/posts\/3978","targetHints":{"allow":["GET"]}}],"collection":[{"href":"https:\/\/agora.xtec.cat\/escolamestralvilanova\/wp-json\/wp\/v2\/posts"}],"about":[{"href":"https:\/\/agora.xtec.cat\/escolamestralvilanova\/wp-json\/wp\/v2\/types\/post"}],"author":[{"embeddable":true,"href":"https:\/\/agora.xtec.cat\/escolamestralvilanova\/wp-json\/wp\/v2\/users\/1"}],"replies":[{"embeddable":true,"href":"https:\/\/agora.xtec.cat\/escolamestralvilanova\/wp-json\/wp\/v2\/comments?post=3978"}],"version-history":[{"count":2,"href":"https:\/\/agora.xtec.cat\/escolamestralvilanova\/wp-json\/wp\/v2\/posts\/3978\/revisions"}],"predecessor-version":[{"id":4098,"href":"https:\/\/agora.xtec.cat\/escolamestralvilanova\/wp-json\/wp\/v2\/posts\/3978\/revisions\/4098"}],"wp:attachment":[{"href":"https:\/\/agora.xtec.cat\/escolamestralvilanova\/wp-json\/wp\/v2\/media?parent=3978"}],"wp:term":[{"taxonomy":"category","embeddable":true,"href":"https:\/\/agora.xtec.cat\/escolamestralvilanova\/wp-json\/wp\/v2\/categories?post=3978"},{"taxonomy":"post_tag","embeddable":true,"href":"https:\/\/agora.xtec.cat\/escolamestralvilanova\/wp-json\/wp\/v2\/tags?post=3978"}],"curies":[{"name":"wp","href":"https:\/\/api.w.org\/{rel}","templated":true}]}}